{"id":3730,"date":"2019-05-21T19:01:26","date_gmt":"2019-05-21T17:01:26","guid":{"rendered":"https:\/\/www.aplikuj.pl\/cv\/?p=3730"},"modified":"2026-02-22T23:22:19","modified_gmt":"2026-02-22T22:22:19","slug":"jakie-dane-osobowe-podac-w-cv-i-liscie-motywacyjnym","status":"publish","type":"post","link":"https:\/\/www.aplikuj.pl\/cv\/jakie-dane-osobowe-podac-w-cv-i-liscie-motywacyjnym\/","title":{"rendered":"Jakie dane osobowe poda\u0107 w CV i li\u015bcie motywacyjnym?"},"content":{"rendered":"<p>Dokumenty aplikacyjne, kt\u00f3re przygotowujemy w odpowiedzi na og\u0142oszenie o prac\u0119 musz\u0105 zawiera\u0107 pewn\u0105 pul\u0119 informacji. Poza poinformowaniem rekrutera o naszym do\u015bwiadczeniu zawodowym czy wykszta\u0142ceniu, zupe\u0142n\u0105 podstaw\u0105 jest podanie danych osobowych. W ten spos\u00f3b odbiorca CV czy listu motywacyjnego b\u0119dzie wiedzia\u0142, kogo dokumenty ma przyjemno\u015b\u0107 przegl\u0105da\u0107.<\/p>\n<div id=\"ez-toc-container\" class=\"ez-toc-v2_0_80 counter-hierarchy ez-toc-counter ez-toc-grey ez-toc-container-direction\">\n<p class=\"ez-toc-title\" style=\"cursor:inherit\">Spis tre\u015bci<\/p>\n<label for=\"ez-toc-cssicon-toggle-item-69f0f40118678\" class=\"ez-toc-cssicon-toggle-label\"><span class=\"\"><span class=\"eztoc-hide\" style=\"display:none;\">Toggle<\/span><span class=\"ez-toc-icon-toggle-span\"><svg style=\"fill: #999;color:#999\" xmlns=\"http:\/\/www.w3.org\/2000\/svg\" class=\"list-377408\" width=\"20px\" height=\"20px\" viewBox=\"0 0 24 24\" fill=\"none\"><path d=\"M6 6H4v2h2V6zm14 0H8v2h12V6zM4 11h2v2H4v-2zm16 0H8v2h12v-2zM4 16h2v2H4v-2zm16 0H8v2h12v-2z\" fill=\"currentColor\"><\/path><\/svg><svg style=\"fill: #999;color:#999\" class=\"arrow-unsorted-368013\" xmlns=\"http:\/\/www.w3.org\/2000\/svg\" width=\"10px\" height=\"10px\" viewBox=\"0 0 24 24\" version=\"1.2\" baseProfile=\"tiny\"><path d=\"M18.2 9.3l-6.2-6.3-6.2 6.3c-.2.2-.3.4-.3.7s.1.5.3.7c.2.2.4.3.7.3h11c.3 0 .5-.1.7-.3.2-.2.3-.5.3-.7s-.1-.5-.3-.7zM5.8 14.7l6.2 6.3 6.2-6.3c.2-.2.3-.5.3-.7s-.1-.5-.3-.7c-.2-.2-.4-.3-.7-.3h-11c-.3 0-.5.1-.7.3-.2.2-.3.5-.3.7s.1.5.3.7z\"\/><\/svg><\/span><\/span><\/label><input type=\"checkbox\"  id=\"ez-toc-cssicon-toggle-item-69f0f40118678\"  aria-label=\"Prze\u0142\u0105cznik\" \/><nav><ul class='ez-toc-list ez-toc-list-level-1 ' ><li class='ez-toc-page-1 ez-toc-heading-level-2'><a class=\"ez-toc-link ez-toc-heading-1\" href=\"https:\/\/www.aplikuj.pl\/cv\/jakie-dane-osobowe-podac-w-cv-i-liscie-motywacyjnym\/#dane-personalne-%e2%80%93-ktore-udostepniac-w-cv\" >Dane personalne &#8211; kt\u00f3re udost\u0119pnia\u0107 w CV?<\/a><\/li><li class='ez-toc-page-1 ez-toc-heading-level-2'><a class=\"ez-toc-link ez-toc-heading-2\" href=\"https:\/\/www.aplikuj.pl\/cv\/jakie-dane-osobowe-podac-w-cv-i-liscie-motywacyjnym\/#imie-imiona-i-nazwisko-w-cv\" >Imi\u0119 (imiona) i nazwisko w CV<\/a><\/li><li class='ez-toc-page-1 ez-toc-heading-level-2'><a class=\"ez-toc-link ez-toc-heading-3\" href=\"https:\/\/www.aplikuj.pl\/cv\/jakie-dane-osobowe-podac-w-cv-i-liscie-motywacyjnym\/#adres-zamieszkania-i-adres-do-korespondencji-w-cv\" >Adres zamieszkania i adres do korespondencji w CV<\/a><\/li><li class='ez-toc-page-1 ez-toc-heading-level-2'><a class=\"ez-toc-link ez-toc-heading-4\" href=\"https:\/\/www.aplikuj.pl\/cv\/jakie-dane-osobowe-podac-w-cv-i-liscie-motywacyjnym\/#dane-kontaktowe-w-cv\" >Dane kontaktowe w CV<\/a><\/li><li class='ez-toc-page-1 ez-toc-heading-level-2'><a class=\"ez-toc-link ez-toc-heading-5\" href=\"https:\/\/www.aplikuj.pl\/cv\/jakie-dane-osobowe-podac-w-cv-i-liscie-motywacyjnym\/#data-i-miejsce-urodzenia-oraz-stan-cywilny-w-cv-%e2%80%93-czy-umieszczac-te-dane-personalne\" >Data i miejsce urodzenia oraz stan cywilny w CV &#8211; czy umieszcza\u0107 te dane personalne?<\/a><\/li><li class='ez-toc-page-1 ez-toc-heading-level-2'><a class=\"ez-toc-link ez-toc-heading-6\" href=\"https:\/\/www.aplikuj.pl\/cv\/jakie-dane-osobowe-podac-w-cv-i-liscie-motywacyjnym\/#co-jeszcze-wpisujemy-w-cv-a-czego-nie-powinnismy\" >Co jeszcze wpisujemy w CV, a czego nie powinni\u015bmy?<\/a><\/li><\/ul><\/nav><\/div>\n<h2><span class=\"ez-toc-section\" id=\"dane-personalne-%e2%80%93-ktore-udostepniac-w-cv\"><\/span>Dane personalne &#8211; kt\u00f3re udost\u0119pnia\u0107 w CV?<span class=\"ez-toc-section-end\"><\/span><\/h2>\n<p>Szukasz pracy w Katowicach? Jakie dane osobowe zamie\u015bci\u0107 w dokumentach aplikacyjnych? Okazuje si\u0119, \u017ce osoby poszukuj\u0105ce zatrudnienia r\u00f3\u017cnie podchodz\u0105 do tego zagadnienia. W efekcie dokumenty sp\u0142ywaj\u0105ce na firmow\u0105 skrzynk\u0119 pocztow\u0105 znacz\u0105co si\u0119 r\u00f3\u017cni\u0105.<\/p>\n<h2><span class=\"ez-toc-section\" id=\"imie-imiona-i-nazwisko-w-cv\"><\/span><b>Imi\u0119 (imiona) i nazwisko w CV<\/b><span class=\"ez-toc-section-end\"><\/span><\/h2>\n<p>Zar\u00f3wno w CV, jak i li\u015bcie motywacyjnym obowi\u0105zkowo nale\u017cy poda\u0107 swoje imi\u0119 i nazwisko. W pierwszej kolejno\u015bci zawsze podajemy imi\u0119, w drugiej za\u015b nazwisko. Co w sytuacji, gdy masz wi\u0119cej ni\u017c jedno imi\u0119?<\/p>\n<p>Przyj\u0119\u0142o si\u0119, \u017ce kandydaci powinni w dokumentach aplikacyjnych podawa\u0107 pozosta\u0142e imiona tylko w\u00f3wczas, gdy u\u017cywaj\u0105 ich na co dzie\u0144, czyli np. podpisuj\u0105 si\u0119 w ten spos\u00f3b na dokumentach. Je\u017celi na co dzie\u0144 korzystasz wy\u0142\u0105cznie z jednego, pierwszego imienia, to nie ma konieczno\u015bci, by podawa\u0107 pozosta\u0142e. Czytaj tak\u017ce:\u00a0<a href=\"https:\/\/www.aplikuj.pl\/porady-dla-pracownikow\/1328\/rekrutacja-i-twoje-slabe-strony-jak-o-nich-mowic\" target=\"_blank\" rel=\"noopener noreferrer\" data-cke-saved-href=\"https:\/\/www.aplikuj.pl\/porady-dla-pracownikow\/1328\/rekrutacja-i-twoje-slabe-strony-jak-o-nich-mowic\">Rekrutacja i twoje s\u0142abe strony &#8211; jak o nich m\u00f3wi\u0107?<\/a><\/p>\n<h2><span class=\"ez-toc-section\" id=\"adres-zamieszkania-i-adres-do-korespondencji-w-cv\"><\/span><b>Adres zamieszkania i adres do korespondencji w CV<\/b><span class=\"ez-toc-section-end\"><\/span><\/h2>\n<p>Chyba trudno spotka\u0107 pracodawc\u0119, kt\u00f3ry \u2013 w odpowiedzi na otrzymane zg\u0142oszenie \u2013 wys\u0142a\u0142by pracownikowi zaproszenie na rozmow\u0119 kwalifikacyjn\u0105 poczt\u0105. Nie oznacza to jednak, \u017ce nie nale\u017cy podawa\u0107 adresu zamieszkania czy adresu do korespondencji.<\/p>\n<p>Ten pierwszy mo\u017ce mie\u0107 kluczowe znaczenie \u2013 pracodawca mo\u017ce bowiem szuka\u0107 kogo\u015b, kto mieszka blisko firmy z uwagi na godziny jej otwarcia lub zamkni\u0119cia. Adres do korespondencji powiniene\u015b podawa\u0107 wy\u0142\u0105cznie w\u00f3wczas, gdy nie pokrywa si\u0119 on z adresem zamieszkania.<\/p>\n<h3><img decoding=\"async\" class=\"aligncenter\" src=\"\/userfiles\/_CMS_\/Fotolia_93973185_Subscription_Monthly_M.jpg\" alt=\"Wz\u00f3r CV oraz listu motywacyjnego dla os\u00f3b szukaj\u0105cych pracy w Katowicach \" data-cke-saved-src=\"\/userfiles\/_CMS_\/Fotolia_93973185_Subscription_Monthly_M.jpg\" \/><\/h3>\n<h2><span class=\"ez-toc-section\" id=\"dane-kontaktowe-w-cv\"><\/span><b>Dane kontaktowe w CV<\/b><span class=\"ez-toc-section-end\"><\/span><\/h2>\n<p>Pracodawca, kt\u00f3ry b\u0119dzie chcia\u0142 zaprosi\u0107 ci\u0119 na rozmow\u0119 kwalifikacyjn\u0105 z pewno\u015bci\u0105 b\u0119dzie szuka\u0142 w CV czy li\u015bcie motywacyjnym twoich danych kontaktowych. Podanie aktualnego numeru telefonu jest bardzo istotne \u2013 w ten spos\u00f3b najcz\u0119\u015bciej pracodawcy kontaktuj\u0105 si\u0119 z potencjalnymi pracownikami.<\/p>\n<p>Poza numerem telefonu mo\u017cesz r\u00f3wnie\u017c poda\u0107 adres poczty elektronicznej. By\u0107 mo\u017ce pracodawca b\u0119dzie chcia\u0142, by\u015b sprecyzowa\u0142 podane informacje lub po prostu b\u0119dzie preferowa\u0142 tak\u0105 form\u0119 kontaktu.<\/p>\n<h2><span class=\"ez-toc-section\" id=\"data-i-miejsce-urodzenia-oraz-stan-cywilny-w-cv-%e2%80%93-czy-umieszczac-te-dane-personalne\"><\/span><b>Data i miejsce urodzenia oraz stan cywilny w CV &#8211; czy umieszcza\u0107 te dane personalne?<\/b><span class=\"ez-toc-section-end\"><\/span><\/h2>\n<p>Zar\u00f3wno w CV, jak i li\u015bcie motywacyjnym powiniene\u015b poda\u0107 informacje na temat daty i miejsca urodzenia. Te dane s\u0105 bardzo istotne dla pracodawcy i mo\u017ce od nich zale\u017ce\u0107 to, czy otrzymasz zaproszenie na rozmow\u0119 kwalifikacyjn\u0105. Mo\u017ce si\u0119 bowiem zdarzy\u0107, \u017ce pracodawca szuka do pracy osoby starsze, z du\u017cym do\u015bwiadczeniem zawodowym lub przeciwnie \u2013 m\u0142ode, dynamiczne.<\/p>\n<p>Podanie daty i miejsca urodzenia jest zupe\u0142n\u0105 podstaw\u0105. Inaczej sytuacja przedstawia si\u0119 w przypadku stanu cywilnego. Podanie tego nie jest konieczno\u015bci\u0105 \u2013 zasadniczo pracodawca nie mo\u017ce zada\u0107 ci pytania o stan cywilny w trakcie rozmowy kwalifikacyjnej. To zatem, czy podasz tak\u0105 informacj\u0119, zale\u017cy wy\u0142\u0105cznie od ciebie.<\/p>\n<h2><span class=\"ez-toc-section\" id=\"co-jeszcze-wpisujemy-w-cv-a-czego-nie-powinnismy\"><\/span>Co jeszcze wpisujemy w CV, a czego nie powinni\u015bmy?<span class=\"ez-toc-section-end\"><\/span><\/h2>\n<p>Jednym z najcz\u0119\u015bciej pope\u0142nianych b\u0142\u0119d\u00f3w jest zbyt du\u017ca ilo\u015b\u0107 szczeg\u00f3\u0142\u00f3w zawartych w CV &#8211; znacz\u0105co zwi\u0119ksza to wielko\u015b\u0107 dokumentu, a do tego mo\u017ce zirytowa\u0107 rekrutera, kt\u00f3remu po prostu nie b\u0119dzie si\u0119 chcia\u0142o przedziera\u0107 przez g\u0105szcz informacji. Dotyczy to przede wszystkim wyr\u00f3\u017cnie\u0144 zdobywanych, np. w liceum czy nadmiernie rozbudowanych opis\u00f3w obowi\u0105zk\u00f3w wykonywanych u innych pracodawc\u00f3w. W CV najwa\u017cniejsze s\u0105 osi\u0105gni\u0119cia, ale wystarczy je wymieni\u0107, a nie szczeg\u00f3\u0142owo opisywa\u0107. Co wa\u017cne, informacje o osi\u0105gni\u0119ciach musz\u0105 by\u0107 zgodne z prawd\u0105, poniewa\u017c wszelkie k\u0142amstwa i k\u0142amstewka szybko wychodz\u0105 na jaw podczas procesu rekrutacyjnego.<\/p>\n<p>Je\u015bli za\u015b chodzi o dane osobowe do CV, to nale\u017cy wpisa\u0107 imi\u0119, nazwisko, adres i ewentualnie tytu\u0142, ale na pewno nie stan zdrowia czy stan cywilny. CV to nie spowied\u017a \u2013 pracodawcy nie interesuj\u0105 choroby pracownika ani to, czy jest rozwiedziony, ma dzieci, czy mo\u017ce dopiero planuje \u015blub. Zasadne jest jedynie wpisanie stopnia niepe\u0142nosprawno\u015bci, je\u015bli posiada si\u0119 orzeczenie. Na pewno nie wpisuje si\u0119 informacji o b\u00f3lach kr\u0119gos\u0142upa, migrenach czy alergiach, chyba \u017ce ma to \u015bcis\u0142y zwi\u0105zek z obowi\u0105zkami pracowniczymi. W przypadku, gdy pracodawca \u017c\u0105da podania swojego stanu cywilnego czy wieku dzieci, nale\u017cy uzna\u0107 to za dzia\u0142anie dyskryminacyjne. Je\u015bli jednak kto\u015b sam napomknie o tym w CV, to daje potencjalnemu pracodawcy punkt zaczepienia do skierowania rozmowy na tematy prywatne, st\u0105d nale\u017cy takich wpis\u00f3w zdecydowanie unika\u0107.<\/p>\n<p>Kolejna sprawa to miejsce na zdj\u0119cie w CV \u2013 nie chodzi tu o zdj\u0119cie z pla\u017cy czy z udanego grzybobrania. Nale\u017cy umie\u015bci\u0107 w tym miejscu zdj\u0119cie dowodowe lub paszportowe, ale okazuje si\u0119, \u017ce nie dla ka\u017cdego jest to oczywiste. Warto wi\u0119c przed wys\u0142aniem zastanowi\u0107 si\u0119, co musi by\u0107 CV, a czego lepiej tam nie wpisywa\u0107, aby zwi\u0119kszy\u0107 swoje szanse na zatrudnienie. Trzeba przy tym pami\u0119ta\u0107, \u017ce najlepsze CV jest spersonalizowane i skonstruowane w taki spos\u00f3b, aby najwa\u017cniejsze informacje znalaz\u0142y si\u0119 na jednej stronie A4 \u2013 tylko wtedy mo\u017cna mie\u0107 pewno\u015b\u0107, \u017ce pracodawca lub rekruter przeczyta dokument w ca\u0142o\u015bci.<\/p>\n<p>Zobacz: <a href=\"https:\/\/www.aplikuj.pl\/oferty-pracy\/katowice\/handlowiec\" target=\"_blank\" rel=\"noopener noreferrer\" data-cke-saved-href=\"https:\/\/www.aplikuj.pl\/oferty-pracy\/katowice\/handlowiec\">oferty pracy dla handlowc\u00f3w z Katowic<\/a>.<\/p>\n","protected":false},"excerpt":{"rendered":"<p>Dokumenty aplikacyjne, kt\u00f3re przygotowujemy w odpowiedzi na og\u0142oszenie o prac\u0119 musz\u0105 zawiera\u0107 pewn\u0105 pul\u0119 informacji. Poza poinformowaniem rekrutera o naszym do\u015bwiadczeniu zawodowym czy wykszta\u0142ceniu, zupe\u0142n\u0105 podstaw\u0105 jest podanie danych osobowych. W ten spos\u00f3b odbiorca CV czy listu motywacyjnego b\u0119dzie wiedzia\u0142, kogo dokumenty ma przyjemno\u015b\u0107 przegl\u0105da\u0107. Dane personalne &#8211; kt\u00f3re udost\u0119pnia\u0107 w CV? Szukasz pracy w [&hellip;]<\/p>\n","protected":false},"author":4,"featured_media":3731,"comment_status":"closed","ping_status":"closed","sticky":false,"template":"","format":"standard","meta":{"footnotes":""},"categories":[2],"tags":[],"class_list":["post-3730","post","type-post","status-publish","format-standard","has-post-thumbnail","hentry","category-porady"],"yoast_head":"<!-- This site is optimized with the Yoast SEO plugin v27.0 - https:\/\/yoast.com\/product\/yoast-seo-wordpress\/ -->\n<title>Jakie dane osobowe poda\u0107 w CV i li\u015bcie motywacyjnym? - Aplikuj.pl<\/title>\n<meta name=\"robots\" content=\"index, follow, max-snippet:-1, max-image-preview:large, max-video-preview:-1\" \/>\n<link rel=\"canonical\" href=\"https:\/\/www.aplikuj.pl\/cv\/jakie-dane-osobowe-podac-w-cv-i-liscie-motywacyjnym\/\" \/>\n<meta property=\"og:locale\" content=\"pl_PL\" \/>\n<meta property=\"og:type\" content=\"article\" \/>\n<meta property=\"og:title\" content=\"Jakie dane osobowe poda\u0107 w CV i li\u015bcie motywacyjnym? - Aplikuj.pl\" \/>\n<meta property=\"og:description\" content=\"Dokumenty aplikacyjne, kt\u00f3re przygotowujemy w odpowiedzi na og\u0142oszenie o prac\u0119 musz\u0105 zawiera\u0107 pewn\u0105 pul\u0119 informacji. Poza poinformowaniem rekrutera o naszym do\u015bwiadczeniu zawodowym czy wykszta\u0142ceniu, zupe\u0142n\u0105 podstaw\u0105 jest podanie danych osobowych. W ten spos\u00f3b odbiorca CV czy listu motywacyjnego b\u0119dzie wiedzia\u0142, kogo dokumenty ma przyjemno\u015b\u0107 przegl\u0105da\u0107. Dane personalne &#8211; kt\u00f3re udost\u0119pnia\u0107 w CV? Szukasz pracy w [&hellip;]\" \/>\n<meta property=\"og:url\" content=\"https:\/\/www.aplikuj.pl\/cv\/jakie-dane-osobowe-podac-w-cv-i-liscie-motywacyjnym\/\" \/>\n<meta property=\"og:site_name\" content=\"Aplikuj.pl\" \/>\n<meta property=\"article:published_time\" content=\"2019-05-21T17:01:26+00:00\" \/>\n<meta property=\"article:modified_time\" content=\"2026-02-22T22:22:19+00:00\" \/>\n<meta property=\"og:image\" content=\"https:\/\/www.aplikuj.pl\/cv\/wp-content\/uploads\/2019\/05\/Jakie-dane-osobowe-poda\u0107-w-CV-i-li\u015bcie-motywacyjnym.jpg\" \/>\n\t<meta property=\"og:image:width\" content=\"800\" \/>\n\t<meta property=\"og:image:height\" content=\"533\" \/>\n\t<meta property=\"og:image:type\" content=\"image\/jpeg\" \/>\n<meta name=\"author\" content=\"Pawe\u0142 Strykowski\" \/>\n<meta name=\"twitter:card\" content=\"summary_large_image\" \/>\n<meta name=\"twitter:label1\" content=\"Napisane przez\" \/>\n\t<meta name=\"twitter:data1\" content=\"Pawe\u0142 Strykowski\" \/>\n\t<meta name=\"twitter:label2\" content=\"Szacowany czas czytania\" \/>\n\t<meta name=\"twitter:data2\" content=\"4 minuty\" \/>\n<script type=\"application\/ld+json\" class=\"yoast-schema-graph\">{\"@context\":\"https:\/\/schema.org\",\"@graph\":[{\"@type\":\"Article\",\"@id\":\"https:\/\/www.aplikuj.pl\/cv\/jakie-dane-osobowe-podac-w-cv-i-liscie-motywacyjnym\/#article\",\"isPartOf\":{\"@id\":\"https:\/\/www.aplikuj.pl\/cv\/jakie-dane-osobowe-podac-w-cv-i-liscie-motywacyjnym\/\"},\"author\":{\"name\":\"Pawe\u0142 Strykowski\",\"@id\":\"https:\/\/www.aplikuj.pl\/cv\/#\/schema\/person\/82a8c19a69e6904c580105126d7d0ad0\"},\"headline\":\"Jakie dane osobowe poda\u0107 w CV i li\u015bcie motywacyjnym?\",\"datePublished\":\"2019-05-21T17:01:26+00:00\",\"dateModified\":\"2026-02-22T22:22:19+00:00\",\"mainEntityOfPage\":{\"@id\":\"https:\/\/www.aplikuj.pl\/cv\/jakie-dane-osobowe-podac-w-cv-i-liscie-motywacyjnym\/\"},\"wordCount\":908,\"publisher\":{\"@id\":\"https:\/\/www.aplikuj.pl\/cv\/#organization\"},\"image\":{\"@id\":\"https:\/\/www.aplikuj.pl\/cv\/jakie-dane-osobowe-podac-w-cv-i-liscie-motywacyjnym\/#primaryimage\"},\"thumbnailUrl\":\"https:\/\/www.aplikuj.pl\/cv\/wp-content\/uploads\/2019\/05\/Jakie-dane-osobowe-poda\u0107-w-CV-i-li\u015bcie-motywacyjnym.jpg\",\"articleSection\":[\"Porady\"],\"inLanguage\":\"pl-PL\"},{\"@type\":\"WebPage\",\"@id\":\"https:\/\/www.aplikuj.pl\/cv\/jakie-dane-osobowe-podac-w-cv-i-liscie-motywacyjnym\/\",\"url\":\"https:\/\/www.aplikuj.pl\/cv\/jakie-dane-osobowe-podac-w-cv-i-liscie-motywacyjnym\/\",\"name\":\"Jakie dane osobowe poda\u0107 w CV i li\u015bcie motywacyjnym? - Aplikuj.pl\",\"isPartOf\":{\"@id\":\"https:\/\/www.aplikuj.pl\/cv\/#website\"},\"primaryImageOfPage\":{\"@id\":\"https:\/\/www.aplikuj.pl\/cv\/jakie-dane-osobowe-podac-w-cv-i-liscie-motywacyjnym\/#primaryimage\"},\"image\":{\"@id\":\"https:\/\/www.aplikuj.pl\/cv\/jakie-dane-osobowe-podac-w-cv-i-liscie-motywacyjnym\/#primaryimage\"},\"thumbnailUrl\":\"https:\/\/www.aplikuj.pl\/cv\/wp-content\/uploads\/2019\/05\/Jakie-dane-osobowe-poda\u0107-w-CV-i-li\u015bcie-motywacyjnym.jpg\",\"datePublished\":\"2019-05-21T17:01:26+00:00\",\"dateModified\":\"2026-02-22T22:22:19+00:00\",\"breadcrumb\":{\"@id\":\"https:\/\/www.aplikuj.pl\/cv\/jakie-dane-osobowe-podac-w-cv-i-liscie-motywacyjnym\/#breadcrumb\"},\"inLanguage\":\"pl-PL\",\"potentialAction\":[{\"@type\":\"ReadAction\",\"target\":[\"https:\/\/www.aplikuj.pl\/cv\/jakie-dane-osobowe-podac-w-cv-i-liscie-motywacyjnym\/\"]}]},{\"@type\":\"ImageObject\",\"inLanguage\":\"pl-PL\",\"@id\":\"https:\/\/www.aplikuj.pl\/cv\/jakie-dane-osobowe-podac-w-cv-i-liscie-motywacyjnym\/#primaryimage\",\"url\":\"https:\/\/www.aplikuj.pl\/cv\/wp-content\/uploads\/2019\/05\/Jakie-dane-osobowe-poda\u0107-w-CV-i-li\u015bcie-motywacyjnym.jpg\",\"contentUrl\":\"https:\/\/www.aplikuj.pl\/cv\/wp-content\/uploads\/2019\/05\/Jakie-dane-osobowe-poda\u0107-w-CV-i-li\u015bcie-motywacyjnym.jpg\",\"width\":800,\"height\":533,\"caption\":\"Jakie dane osobowe poda\u0107 w CV i li\u015bcie motywacyjnym\"},{\"@type\":\"BreadcrumbList\",\"@id\":\"https:\/\/www.aplikuj.pl\/cv\/jakie-dane-osobowe-podac-w-cv-i-liscie-motywacyjnym\/#breadcrumb\",\"itemListElement\":[{\"@type\":\"ListItem\",\"position\":1,\"name\":\"Kreator CV\",\"item\":\"https:\/\/www.aplikuj.pl\/cv\/\"},{\"@type\":\"ListItem\",\"position\":2,\"name\":\"Porady\",\"item\":\"https:\/\/www.aplikuj.pl\/cv\/porady\/\"},{\"@type\":\"ListItem\",\"position\":3,\"name\":\"Jakie dane osobowe poda\u0107 w CV i li\u015bcie motywacyjnym?\"}]},{\"@type\":\"WebSite\",\"@id\":\"https:\/\/www.aplikuj.pl\/cv\/#website\",\"url\":\"https:\/\/www.aplikuj.pl\/cv\/\",\"name\":\"Aplikuj.pl\",\"description\":\"Profesjonalne i darmowe wzory CV, list\u00f3w motywacyjnych i poda\u0144 o prac\u0119\",\"publisher\":{\"@id\":\"https:\/\/www.aplikuj.pl\/cv\/#organization\"},\"potentialAction\":[{\"@type\":\"SearchAction\",\"target\":{\"@type\":\"EntryPoint\",\"urlTemplate\":\"https:\/\/www.aplikuj.pl\/cv\/?s={search_term_string}\"},\"query-input\":{\"@type\":\"PropertyValueSpecification\",\"valueRequired\":true,\"valueName\":\"search_term_string\"}}],\"inLanguage\":\"pl-PL\"},{\"@type\":\"Organization\",\"@id\":\"https:\/\/www.aplikuj.pl\/cv\/#organization\",\"name\":\"Aplikuj.pl\",\"url\":\"https:\/\/www.aplikuj.pl\/cv\/\",\"logo\":{\"@type\":\"ImageObject\",\"inLanguage\":\"pl-PL\",\"@id\":\"https:\/\/www.aplikuj.pl\/cv\/#\/schema\/logo\/image\/\",\"url\":\"https:\/\/www.aplikuj.pl\/cv\/wp-content\/uploads\/2019\/04\/cv-wzory-aplikuj.jpg\",\"contentUrl\":\"https:\/\/www.aplikuj.pl\/cv\/wp-content\/uploads\/2019\/04\/cv-wzory-aplikuj.jpg\",\"width\":180,\"height\":180,\"caption\":\"Aplikuj.pl\"},\"image\":{\"@id\":\"https:\/\/www.aplikuj.pl\/cv\/#\/schema\/logo\/image\/\"}},{\"@type\":\"Person\",\"@id\":\"https:\/\/www.aplikuj.pl\/cv\/#\/schema\/person\/82a8c19a69e6904c580105126d7d0ad0\",\"name\":\"Pawe\u0142 Strykowski\",\"image\":{\"@type\":\"ImageObject\",\"inLanguage\":\"pl-PL\",\"@id\":\"https:\/\/www.aplikuj.pl\/cv\/#\/schema\/person\/image\/\",\"url\":\"https:\/\/secure.gravatar.com\/avatar\/6aad4537f1280fe8a7bfe3291c7c15d99fae25b9f8bc1cdb797bd9ca20b2c157?s=96&d=mm&r=g\",\"contentUrl\":\"https:\/\/secure.gravatar.com\/avatar\/6aad4537f1280fe8a7bfe3291c7c15d99fae25b9f8bc1cdb797bd9ca20b2c157?s=96&d=mm&r=g\",\"caption\":\"Pawe\u0142 Strykowski\"},\"sameAs\":[\"https:\/\/aplikuj.pl\"]}]}<\/script>\n<!-- \/ Yoast SEO plugin. -->","yoast_head_json":{"title":"Jakie dane osobowe poda\u0107 w CV i li\u015bcie motywacyjnym? - Aplikuj.pl","robots":{"index":"index","follow":"follow","max-snippet":"max-snippet:-1","max-image-preview":"max-image-preview:large","max-video-preview":"max-video-preview:-1"},"canonical":"https:\/\/www.aplikuj.pl\/cv\/jakie-dane-osobowe-podac-w-cv-i-liscie-motywacyjnym\/","og_locale":"pl_PL","og_type":"article","og_title":"Jakie dane osobowe poda\u0107 w CV i li\u015bcie motywacyjnym? - Aplikuj.pl","og_description":"Dokumenty aplikacyjne, kt\u00f3re przygotowujemy w odpowiedzi na og\u0142oszenie o prac\u0119 musz\u0105 zawiera\u0107 pewn\u0105 pul\u0119 informacji. Poza poinformowaniem rekrutera o naszym do\u015bwiadczeniu zawodowym czy wykszta\u0142ceniu, zupe\u0142n\u0105 podstaw\u0105 jest podanie danych osobowych. W ten spos\u00f3b odbiorca CV czy listu motywacyjnego b\u0119dzie wiedzia\u0142, kogo dokumenty ma przyjemno\u015b\u0107 przegl\u0105da\u0107. Dane personalne &#8211; kt\u00f3re udost\u0119pnia\u0107 w CV? Szukasz pracy w [&hellip;]","og_url":"https:\/\/www.aplikuj.pl\/cv\/jakie-dane-osobowe-podac-w-cv-i-liscie-motywacyjnym\/","og_site_name":"Aplikuj.pl","article_published_time":"2019-05-21T17:01:26+00:00","article_modified_time":"2026-02-22T22:22:19+00:00","og_image":[{"width":800,"height":533,"url":"https:\/\/www.aplikuj.pl\/cv\/wp-content\/uploads\/2019\/05\/Jakie-dane-osobowe-poda\u0107-w-CV-i-li\u015bcie-motywacyjnym.jpg","type":"image\/jpeg"}],"author":"Pawe\u0142 Strykowski","twitter_card":"summary_large_image","twitter_misc":{"Napisane przez":"Pawe\u0142 Strykowski","Szacowany czas czytania":"4 minuty"},"schema":{"@context":"https:\/\/schema.org","@graph":[{"@type":"Article","@id":"https:\/\/www.aplikuj.pl\/cv\/jakie-dane-osobowe-podac-w-cv-i-liscie-motywacyjnym\/#article","isPartOf":{"@id":"https:\/\/www.aplikuj.pl\/cv\/jakie-dane-osobowe-podac-w-cv-i-liscie-motywacyjnym\/"},"author":{"name":"Pawe\u0142 Strykowski","@id":"https:\/\/www.aplikuj.pl\/cv\/#\/schema\/person\/82a8c19a69e6904c580105126d7d0ad0"},"headline":"Jakie dane osobowe poda\u0107 w CV i li\u015bcie motywacyjnym?","datePublished":"2019-05-21T17:01:26+00:00","dateModified":"2026-02-22T22:22:19+00:00","mainEntityOfPage":{"@id":"https:\/\/www.aplikuj.pl\/cv\/jakie-dane-osobowe-podac-w-cv-i-liscie-motywacyjnym\/"},"wordCount":908,"publisher":{"@id":"https:\/\/www.aplikuj.pl\/cv\/#organization"},"image":{"@id":"https:\/\/www.aplikuj.pl\/cv\/jakie-dane-osobowe-podac-w-cv-i-liscie-motywacyjnym\/#primaryimage"},"thumbnailUrl":"https:\/\/www.aplikuj.pl\/cv\/wp-content\/uploads\/2019\/05\/Jakie-dane-osobowe-poda\u0107-w-CV-i-li\u015bcie-motywacyjnym.jpg","articleSection":["Porady"],"inLanguage":"pl-PL"},{"@type":"WebPage","@id":"https:\/\/www.aplikuj.pl\/cv\/jakie-dane-osobowe-podac-w-cv-i-liscie-motywacyjnym\/","url":"https:\/\/www.aplikuj.pl\/cv\/jakie-dane-osobowe-podac-w-cv-i-liscie-motywacyjnym\/","name":"Jakie dane osobowe poda\u0107 w CV i li\u015bcie motywacyjnym? - Aplikuj.pl","isPartOf":{"@id":"https:\/\/www.aplikuj.pl\/cv\/#website"},"primaryImageOfPage":{"@id":"https:\/\/www.aplikuj.pl\/cv\/jakie-dane-osobowe-podac-w-cv-i-liscie-motywacyjnym\/#primaryimage"},"image":{"@id":"https:\/\/www.aplikuj.pl\/cv\/jakie-dane-osobowe-podac-w-cv-i-liscie-motywacyjnym\/#primaryimage"},"thumbnailUrl":"https:\/\/www.aplikuj.pl\/cv\/wp-content\/uploads\/2019\/05\/Jakie-dane-osobowe-poda\u0107-w-CV-i-li\u015bcie-motywacyjnym.jpg","datePublished":"2019-05-21T17:01:26+00:00","dateModified":"2026-02-22T22:22:19+00:00","breadcrumb":{"@id":"https:\/\/www.aplikuj.pl\/cv\/jakie-dane-osobowe-podac-w-cv-i-liscie-motywacyjnym\/#breadcrumb"},"inLanguage":"pl-PL","potentialAction":[{"@type":"ReadAction","target":["https:\/\/www.aplikuj.pl\/cv\/jakie-dane-osobowe-podac-w-cv-i-liscie-motywacyjnym\/"]}]},{"@type":"ImageObject","inLanguage":"pl-PL","@id":"https:\/\/www.aplikuj.pl\/cv\/jakie-dane-osobowe-podac-w-cv-i-liscie-motywacyjnym\/#primaryimage","url":"https:\/\/www.aplikuj.pl\/cv\/wp-content\/uploads\/2019\/05\/Jakie-dane-osobowe-poda\u0107-w-CV-i-li\u015bcie-motywacyjnym.jpg","contentUrl":"https:\/\/www.aplikuj.pl\/cv\/wp-content\/uploads\/2019\/05\/Jakie-dane-osobowe-poda\u0107-w-CV-i-li\u015bcie-motywacyjnym.jpg","width":800,"height":533,"caption":"Jakie dane osobowe poda\u0107 w CV i li\u015bcie motywacyjnym"},{"@type":"BreadcrumbList","@id":"https:\/\/www.aplikuj.pl\/cv\/jakie-dane-osobowe-podac-w-cv-i-liscie-motywacyjnym\/#breadcrumb","itemListElement":[{"@type":"ListItem","position":1,"name":"Kreator CV","item":"https:\/\/www.aplikuj.pl\/cv\/"},{"@type":"ListItem","position":2,"name":"Porady","item":"https:\/\/www.aplikuj.pl\/cv\/porady\/"},{"@type":"ListItem","position":3,"name":"Jakie dane osobowe poda\u0107 w CV i li\u015bcie motywacyjnym?"}]},{"@type":"WebSite","@id":"https:\/\/www.aplikuj.pl\/cv\/#website","url":"https:\/\/www.aplikuj.pl\/cv\/","name":"Aplikuj.pl","description":"Profesjonalne i darmowe wzory CV, list\u00f3w motywacyjnych i poda\u0144 o prac\u0119","publisher":{"@id":"https:\/\/www.aplikuj.pl\/cv\/#organization"},"potentialAction":[{"@type":"SearchAction","target":{"@type":"EntryPoint","urlTemplate":"https:\/\/www.aplikuj.pl\/cv\/?s={search_term_string}"},"query-input":{"@type":"PropertyValueSpecification","valueRequired":true,"valueName":"search_term_string"}}],"inLanguage":"pl-PL"},{"@type":"Organization","@id":"https:\/\/www.aplikuj.pl\/cv\/#organization","name":"Aplikuj.pl","url":"https:\/\/www.aplikuj.pl\/cv\/","logo":{"@type":"ImageObject","inLanguage":"pl-PL","@id":"https:\/\/www.aplikuj.pl\/cv\/#\/schema\/logo\/image\/","url":"https:\/\/www.aplikuj.pl\/cv\/wp-content\/uploads\/2019\/04\/cv-wzory-aplikuj.jpg","contentUrl":"https:\/\/www.aplikuj.pl\/cv\/wp-content\/uploads\/2019\/04\/cv-wzory-aplikuj.jpg","width":180,"height":180,"caption":"Aplikuj.pl"},"image":{"@id":"https:\/\/www.aplikuj.pl\/cv\/#\/schema\/logo\/image\/"}},{"@type":"Person","@id":"https:\/\/www.aplikuj.pl\/cv\/#\/schema\/person\/82a8c19a69e6904c580105126d7d0ad0","name":"Pawe\u0142 Strykowski","image":{"@type":"ImageObject","inLanguage":"pl-PL","@id":"https:\/\/www.aplikuj.pl\/cv\/#\/schema\/person\/image\/","url":"https:\/\/secure.gravatar.com\/avatar\/6aad4537f1280fe8a7bfe3291c7c15d99fae25b9f8bc1cdb797bd9ca20b2c157?s=96&d=mm&r=g","contentUrl":"https:\/\/secure.gravatar.com\/avatar\/6aad4537f1280fe8a7bfe3291c7c15d99fae25b9f8bc1cdb797bd9ca20b2c157?s=96&d=mm&r=g","caption":"Pawe\u0142 Strykowski"},"sameAs":["https:\/\/aplikuj.pl"]}]}},"_links":{"self":[{"href":"https:\/\/www.aplikuj.pl\/cv\/wp-json\/wp\/v2\/posts\/3730","targetHints":{"allow":["GET"]}}],"collection":[{"href":"https:\/\/www.aplikuj.pl\/cv\/wp-json\/wp\/v2\/posts"}],"about":[{"href":"https:\/\/www.aplikuj.pl\/cv\/wp-json\/wp\/v2\/types\/post"}],"author":[{"embeddable":true,"href":"https:\/\/www.aplikuj.pl\/cv\/wp-json\/wp\/v2\/users\/4"}],"replies":[{"embeddable":true,"href":"https:\/\/www.aplikuj.pl\/cv\/wp-json\/wp\/v2\/comments?post=3730"}],"version-history":[{"count":1,"href":"https:\/\/www.aplikuj.pl\/cv\/wp-json\/wp\/v2\/posts\/3730\/revisions"}],"predecessor-version":[{"id":3732,"href":"https:\/\/www.aplikuj.pl\/cv\/wp-json\/wp\/v2\/posts\/3730\/revisions\/3732"}],"wp:featuredmedia":[{"embeddable":true,"href":"https:\/\/www.aplikuj.pl\/cv\/wp-json\/wp\/v2\/media\/3731"}],"wp:attachment":[{"href":"https:\/\/www.aplikuj.pl\/cv\/wp-json\/wp\/v2\/media?parent=3730"}],"wp:term":[{"taxonomy":"category","embeddable":true,"href":"https:\/\/www.aplikuj.pl\/cv\/wp-json\/wp\/v2\/categories?post=3730"},{"taxonomy":"post_tag","embeddable":true,"href":"https:\/\/www.aplikuj.pl\/cv\/wp-json\/wp\/v2\/tags?post=3730"}],"curies":[{"name":"wp","href":"https:\/\/api.w.org\/{rel}","templated":true}]}}