{"id":3700,"date":"2019-05-21T18:27:03","date_gmt":"2019-05-21T16:27:03","guid":{"rendered":"https:\/\/www.aplikuj.pl\/cv\/?p=3700"},"modified":"2026-02-22T23:22:18","modified_gmt":"2026-02-22T22:22:18","slug":"zdjecie-do-cv-dodawac-czy-nie","status":"publish","type":"post","link":"https:\/\/www.aplikuj.pl\/cv\/zdjecie-do-cv-dodawac-czy-nie\/","title":{"rendered":"Zdj\u0119cie do CV &#8211; dodawa\u0107 czy nie?"},"content":{"rendered":"<p>Znalezienie ciekawego og\u0142oszenia na portalu, na kt\u00f3rym og\u0142oszenia zamieszczaj\u0105 pracodawcy, jest momentem, w kt\u00f3rym trzeba zacz\u0105\u0107 konstruowa\u0107 dokumenty aplikacyjne. Do tych nale\u017c\u0105 CV i list motywacyjny. Podczas ich tworzenia, wielu osobom nasuwa si\u0119 w\u0105tpliwo\u015b\u0107, czy w CV powinno znale\u017a\u0107 si\u0119 zdj\u0119cie. Wiele os\u00f3b poszukuj\u0105cych zatrudnienia takowe zamieszcza, ale s\u0105 te\u017c tacy, kt\u00f3rzy s\u0105 temu przeciwni. Czy rzeczywi\u015bcie zdj\u0119cie w CV jest konieczne?<\/p>\n<p>R\u00f3\u017cne s\u0105 stanowiska, gdy mowa o dodawaniu zdj\u0119cia do CV. W sieci pojawiaj\u0105 si\u0119 artyku\u0142y typu: \u201eCV: poka\u017c mi swoje zdj\u0119cie, a dam ci prac\u0119\u201d czy \u201eCzy warto dodawa\u0107 zdj\u0119cie do CV?\u201d, po kt\u00f3rych panuje burza pomi\u0119dzy zwolennikami i przeciwnikami. Wymieniaj\u0105 si\u0119 oni argumentami, jednak trudno jednoznacznie wy\u0142oni\u0107 zwyci\u0119zc\u00f3w tej debaty. W praktyce decyzja nale\u017cy do samego zainteresowanego \u2013 mo\u017ce on doda\u0107 zdj\u0119cie, mo\u017ce r\u00f3wnie\u017c z niego zrezygnowa\u0107. Sprawd\u017amy wi\u0119c na kt\u00f3ry wariant w dzisiejszych czasach lepiej si\u0119 zdecydowa\u0107?<\/p>\n<p>Zamieszczanie w CV zdj\u0119\u0107 staje si\u0119 coraz bardziej popularne. Poszukuj\u0105c pracy, z pewno\u015bci\u0105 przegl\u0105dasz r\u00f3\u017cne lokalne portale z og\u0142oszeniami o prac\u0119. By\u0107 mo\u017ce zauwa\u017cy\u0142e\u015b, \u017ce niekt\u00f3re firmy wprost pisz\u0105, \u017ce oczekuj\u0105 od pracownika do\u0142\u0105czenia do CV zdj\u0119cia. Mo\u017cliwe, \u017ce sam wielokrotnie zastanawia\u0142e\u015b si\u0119 nad kwesti\u0105, kt\u00f3ra opcja oka\u017ce si\u0119 korzystniejsza \u2013 CV ze zdj\u0119ciem czy bez. Poni\u017cej staramy si\u0119 odpowiedzie\u0107 na pytanie, jak\u0105 rol\u0119 w Curriculum Vitae pe\u0142ni nasze zdj\u0119cie oraz o czym warto pami\u0119ta\u0107 przy jego wyborze.<\/p>\n<p>Pro\u015bba o do\u0142\u0105czenie do CV zdj\u0119cia pojawia si\u0119 w wielu ofertach pracy. Taka praktyka zasadniczo jest nielegalna, bo pracodawcy nie mog\u0105 dyskryminowa\u0107 zar\u00f3wno pracownik\u00f3w, jak i os\u00f3b poszukuj\u0105cych zatrudnienia z uwagi na wygl\u0105d. Niemniej, popularno\u015b\u0107 CV ze zdj\u0119ciem staje si\u0119 trendem, zar\u00f3wno ze strony os\u00f3b aplikuj\u0105cych jak i samych rekruter\u00f3w, tworz\u0105cych oferty pracy.<\/p>\n<div id=\"ez-toc-container\" class=\"ez-toc-v2_0_80 counter-hierarchy ez-toc-counter ez-toc-grey ez-toc-container-direction\">\n<p class=\"ez-toc-title\" style=\"cursor:inherit\">Spis tre\u015bci<\/p>\n<label for=\"ez-toc-cssicon-toggle-item-69f319b17eb1e\" class=\"ez-toc-cssicon-toggle-label\"><span class=\"\"><span class=\"eztoc-hide\" style=\"display:none;\">Toggle<\/span><span class=\"ez-toc-icon-toggle-span\"><svg style=\"fill: #999;color:#999\" xmlns=\"http:\/\/www.w3.org\/2000\/svg\" class=\"list-377408\" width=\"20px\" height=\"20px\" viewBox=\"0 0 24 24\" fill=\"none\"><path d=\"M6 6H4v2h2V6zm14 0H8v2h12V6zM4 11h2v2H4v-2zm16 0H8v2h12v-2zM4 16h2v2H4v-2zm16 0H8v2h12v-2z\" fill=\"currentColor\"><\/path><\/svg><svg style=\"fill: #999;color:#999\" class=\"arrow-unsorted-368013\" xmlns=\"http:\/\/www.w3.org\/2000\/svg\" width=\"10px\" height=\"10px\" viewBox=\"0 0 24 24\" version=\"1.2\" baseProfile=\"tiny\"><path d=\"M18.2 9.3l-6.2-6.3-6.2 6.3c-.2.2-.3.4-.3.7s.1.5.3.7c.2.2.4.3.7.3h11c.3 0 .5-.1.7-.3.2-.2.3-.5.3-.7s-.1-.5-.3-.7zM5.8 14.7l6.2 6.3 6.2-6.3c.2-.2.3-.5.3-.7s-.1-.5-.3-.7c-.2-.2-.4-.3-.7-.3h-11c-.3 0-.5.1-.7.3-.2.2-.3.5-.3.7s.1.5.3.7z\"\/><\/svg><\/span><\/span><\/label><input type=\"checkbox\"  id=\"ez-toc-cssicon-toggle-item-69f319b17eb1e\"  aria-label=\"Prze\u0142\u0105cznik\" \/><nav><ul class='ez-toc-list ez-toc-list-level-1 ' ><li class='ez-toc-page-1 ez-toc-heading-level-2'><a class=\"ez-toc-link ez-toc-heading-1\" href=\"https:\/\/www.aplikuj.pl\/cv\/zdjecie-do-cv-dodawac-czy-nie\/#czy-w-cv-musi-byc-zdjecie\" >Czy w CV musi by\u0107 zdj\u0119cie?<\/a><\/li><li class='ez-toc-page-1 ez-toc-heading-level-2'><a class=\"ez-toc-link ez-toc-heading-2\" href=\"https:\/\/www.aplikuj.pl\/cv\/zdjecie-do-cv-dodawac-czy-nie\/#cv-ze-zdjeciem-%e2%80%93-przyciaga-wzrok-rekrutera\" >CV ze zdj\u0119ciem &#8211; przyci\u0105ga wzrok rekrutera<\/a><\/li><li class='ez-toc-page-1 ez-toc-heading-level-2'><a class=\"ez-toc-link ez-toc-heading-3\" href=\"https:\/\/www.aplikuj.pl\/cv\/zdjecie-do-cv-dodawac-czy-nie\/#-jakie-zdjecie-do-cv-bedzie-najlepsze\" >\u00a0Jakie zdj\u0119cie do CV b\u0119dzie najlepsze?<\/a><\/li><li class='ez-toc-page-1 ez-toc-heading-level-2'><a class=\"ez-toc-link ez-toc-heading-4\" href=\"https:\/\/www.aplikuj.pl\/cv\/zdjecie-do-cv-dodawac-czy-nie\/#selfie-w-cv-czy-to-dobry-pomysl\" >Selfie w CV? Czy to dobry pomys\u0142?<\/a><\/li><li class='ez-toc-page-1 ez-toc-heading-level-2'><a class=\"ez-toc-link ez-toc-heading-5\" href=\"https:\/\/www.aplikuj.pl\/cv\/zdjecie-do-cv-dodawac-czy-nie\/#selfie-w-cv-chyba-ze-nie-chcesz-otrzymac-pracy\" >Selfie w CV? Chyba, \u017ce nie chcesz otrzyma\u0107 pracy<\/a><\/li><li class='ez-toc-page-1 ez-toc-heading-level-2'><a class=\"ez-toc-link ez-toc-heading-6\" href=\"https:\/\/www.aplikuj.pl\/cv\/zdjecie-do-cv-dodawac-czy-nie\/#co-zamiast-selfie-czyli-jak-zrobic-dobre-zdjecie-do-cv\" >Co zamiast selfie, czyli jak zrobi\u0107 dobre zdj\u0119cie do CV?<\/a><\/li><li class='ez-toc-page-1 ez-toc-heading-level-2'><a class=\"ez-toc-link ez-toc-heading-7\" href=\"https:\/\/www.aplikuj.pl\/cv\/zdjecie-do-cv-dodawac-czy-nie\/#jak-wstawic-zdjecie-do-cv-zeby-nie-popelnic-bledu\" >Jak wstawi\u0107 zdj\u0119cie do CV, \u017ceby nie pope\u0142ni\u0107 b\u0142\u0119du?<\/a><\/li><li class='ez-toc-page-1 ez-toc-heading-level-2'><a class=\"ez-toc-link ez-toc-heading-8\" href=\"https:\/\/www.aplikuj.pl\/cv\/zdjecie-do-cv-dodawac-czy-nie\/#zdjecie-do-cv-tylko-twarzy-nie-calej-sylwetki\" >Zdj\u0119cie do CV? Tylko twarzy, nie ca\u0142ej sylwetki<\/a><\/li><li class='ez-toc-page-1 ez-toc-heading-level-2'><a class=\"ez-toc-link ez-toc-heading-9\" href=\"https:\/\/www.aplikuj.pl\/cv\/zdjecie-do-cv-dodawac-czy-nie\/#pracodawca-moze-znalezc-twoje-zdjecie-w-mediach-spolecznosciowych\" >Pracodawca mo\u017ce znale\u017a\u0107 Twoje zdj\u0119cie w mediach spo\u0142eczno\u015bciowych<\/a><\/li><li class='ez-toc-page-1 ez-toc-heading-level-2'><a class=\"ez-toc-link ez-toc-heading-10\" href=\"https:\/\/www.aplikuj.pl\/cv\/zdjecie-do-cv-dodawac-czy-nie\/#kiedy-zdjecie-ma-znaczenie\" >Kiedy zdj\u0119cie ma znaczenie?<\/a><\/li><li class='ez-toc-page-1 ez-toc-heading-level-2'><a class=\"ez-toc-link ez-toc-heading-11\" href=\"https:\/\/www.aplikuj.pl\/cv\/zdjecie-do-cv-dodawac-czy-nie\/#gdy-decydujesz-sie-na-zdjecie\" >Gdy decydujesz si\u0119 na zdj\u0119cie<\/a><\/li><li class='ez-toc-page-1 ez-toc-heading-level-2'><a class=\"ez-toc-link ez-toc-heading-12\" href=\"https:\/\/www.aplikuj.pl\/cv\/zdjecie-do-cv-dodawac-czy-nie\/#gdy-rezygnujesz-ze-zdjecia\" >Gdy rezygnujesz ze zdj\u0119cia<\/a><\/li><\/ul><\/nav><\/div>\n<h2><span class=\"ez-toc-section\" id=\"czy-w-cv-musi-byc-zdjecie\"><\/span><span id=\"czy-w-cv-musi-byc-zdjecie\" class=\"ez-toc-section\">Czy w CV musi by\u0107 zdj\u0119cie?<\/span><span class=\"ez-toc-section-end\"><\/span><\/h2>\n<p>Z prawnego punktu widzenia, pracodawca nie mo\u017ce odrzuci\u0107 danej kandydatury tylko i wy\u0142\u0105cznie ze wzgl\u0119du na brak zdj\u0119cia w CV. Nie ma wi\u0119c powod\u00f3w do obaw, \u017ce Twoja aplikacja nie zostanie rozpatrzona, bo nie masz w CV zdj\u0119cia.. Musisz jednak pami\u0119ta\u0107, \u017ce za\u0142\u0105czaj\u0105c zdj\u0119cie do CV, ukazujesz si\u0119 swojemu przysz\u0142emu pracodawcy w pe\u0142niejszej wersji \u2013 obraz bowiem dope\u0142nia to, co zawarte zosta\u0142o w CV i li\u015bcie motywacyjnym. Pozwala \u201ewizualizowa\u0107\u201d sobie Twojemu potencjalnemu pracodawcy Ciebie, jako pracownika tej firmy. W zwi\u0105zku z tym, \u017ce \u017cyjemy w kulturze obrazu, a zdj\u0119cia stanowi\u0105 wa\u017cny element tego zjawiska, r\u00f3wnie\u017c do dokument\u00f3w formalnych coraz cz\u0119\u015bciej za\u0142\u0105cza si\u0119 w\u0142a\u015bnie fotografi\u0119.<\/p>\n<p>Zatem odpowiadaj\u0105c na pytanie, czy w CV musi by\u0107 zdj\u0119cie, przyjmuje si\u0119 obecnie stanowisko, \u017ce cho\u0107 nie jest ono wymagane to jest po\u017c\u0105dane przez wielu pracodawc\u00f3w. Trzeba jednak pami\u0119ta\u0107 o regu\u0142ach, kt\u00f3re g\u0142osz\u0105 jakie zdj\u0119cie do CV b\u0119dzie najlepsze. Nie wszystko bowiem fotografie nadaj\u0105 si\u0119 do dokument\u00f3w aplikacyjnych i mog\u0105 przekre\u015bli\u0107 Twoje szanse na owocny udzia\u0142 w rekrutacji.<\/p>\n<h2><span class=\"ez-toc-section\" id=\"cv-ze-zdjeciem-%e2%80%93-przyciaga-wzrok-rekrutera\"><\/span>CV ze zdj\u0119ciem &#8211; przyci\u0105ga wzrok rekrutera<span class=\"ez-toc-section-end\"><\/span><\/h2>\n<p>Dzisiejszy rynek pracy, wymaga od poszukuj\u0105cych atrakcyjnego zatrudnienia kreatywno\u015bci i umiej\u0119tno\u015bci wyr\u00f3\u017cnienia si\u0119 z t\u0142umu. Jako osoba sp\u0119dzaj\u0105ca sporo czasu na poszukiwaniu pracy, z pewno\u015bci\u0105 zorientowa\u0142e\u015b si\u0119, co mo\u017cesz zrobi\u0107, aby zwi\u0119kszy\u0107 swoje szanse na znalezienie zatrudnienia. Ciekawe wizualnie i przyci\u0105gaj\u0105ce wzrok CV mo\u017ce sprawi\u0107, \u017ce rekruter zapozna si\u0119 z nim, za\u015b ty otrzymasz zaproszenie na rozmow\u0119. Umieszczenie zdj\u0119cia w tym dokumencie mo\u017ce zatem spe\u0142ni\u0107 swoj\u0105 rol\u0119. By\u0107 mo\u017ce wychodz\u0105c z tego za\u0142o\u017cenia, zdecydowa\u0142e\u015b si\u0119, \u017ce za ka\u017cdym razem b\u0119dziesz wysy\u0142a\u0142 CV i list motywacyjny w\u0142a\u015bnie ze zdj\u0119ciem. Pami\u0119taj zatem, aby nie by\u0142o to pierwsza lepsza fotografia.<\/p>\n<p>Szata graficzna CV wraz z doborem kolor\u00f3w odgrywa coraz wa\u017cniejsz\u0105 rol\u0119 w procesie selekcji zg\u0142osze\u0144 i to w\u0142a\u015bnie fotografia najcz\u0119\u015bciej definiuje wygl\u0105d ca\u0142ego \u017cyciorysu. Najlepiej, aby\u015b uda\u0142 si\u0119 do fotografa, kt\u00f3ry wykona ci profesjonalne zdj\u0119cie, nie wykluczaj\u0105c zdj\u0119cia portretowego czy te\u017c zdj\u0119cia do dokument\u00f3w. Oczywi\u015bcie mo\u017cesz u\u017cy\u0107 posiadanego ju\u017c zdj\u0119cia o ile jest ono aktualne i spe\u0142nia podstawowe wymogi. Jaki typ fotografii mo\u017ce zwi\u0119kszy\u0107 nasze szanse na zatrudnienie i jak wybra\u0107 t\u0119 najodpowiedniejsz\u0105?<\/p>\n<h2><span class=\"ez-toc-section\" id=\"-jakie-zdjecie-do-cv-bedzie-najlepsze\"><\/span>\u00a0Jakie zdj\u0119cie do CV b\u0119dzie najlepsze?<span class=\"ez-toc-section-end\"><\/span><\/h2>\n<p>Decyduj\u0105c si\u0119 za za\u0142\u0105czenie zdj\u0119cia do CV, trzeba zadba\u0107 o to, aby by\u0142o ono aktualne. Nie nale\u017cy wi\u0119c zamieszcza\u0107 w nim zdj\u0119cia do prawa jazdy sprzed 8 lat ani takiego, gdzie mia\u0142o si\u0119 bardzo odmienny wygl\u0105d. Zdj\u0119cie te\u017c powinno by\u0107 udane \u2013 nie mo\u017cesz by\u0107 na nim blady, zm\u0119czony czy z\u0142y. Wybierz takie, gdzie wygl\u0105dasz \u0142adnie, delikatnie si\u0119 u\u015bmiechasz i wida\u0107 na nim Twoje pozytywne nastawienie. Zdj\u0119cie w CV daje bowiem mo\u017cliwo\u015b\u0107 zrobienia dobrego pierwszego wra\u017cenia na osobie, kt\u00f3ra przegl\u0105da dokumenty i prowadzi proces rekrutacji.<\/p>\n<p>Do CV lepiej jest za\u0142\u0105czy\u0107 zdj\u0119cie portretowe, ani\u017celi takie, gdzie wida\u0107 ca\u0142\u0105 sylwetk\u0119. Mo\u017ce by\u0107 zar\u00f3wno kolorowe, jak i bia\u0142o \u2013 czarne. Nie ma w tej kwestii odg\u00f3rnych wytycznych. Najwa\u017cniejsze, aby by\u0142o to zdj\u0119cie wysokiej jako\u015bci, wyra\u017ane i odpowiednie do sytuacji. Nie zaleca si\u0119 wrzucania zdj\u0119\u0107 zabawnych, selfie czy z innymi osobami. Wyb\u00f3r zdj\u0119cia do CV powinien te\u017c by\u0107 dostosowany do stanowiska i kultury organizacyjnej firmy. Je\u015bli jest to urz\u0105d czy inne, powa\u017cne miejsce \u2013 lepiej postawi\u0107 na klasyczne zdj\u0119cie portretowe. Najbezpieczniejsze b\u0119dzie takie, kt\u00f3re zamieszcza si\u0119 w dokumentach, np. dowodzie osobistym czy paszporcie. Je\u015bli natomiast jest to kreatywna agencja reklamowa \u2013 w\u00f3wczas zdj\u0119cie mo\u017ce by\u0107 bardziej swobodne, na przyk\u0142ad w casualowej odzie\u017cy czy na ciekawym tle. Niezale\u017cnie jednak od bran\u017cy, zdj\u0119cie w \u017cadnym wypadku nie powinno by\u0107 wulgarne, mie\u0107 charakteru pornograficznego ani przesadnie frywolne. Poczucie humoru i bycie sob\u0105 jest w cenie, niemniej nale\u017cy zachowa\u0107 zdrowy rozs\u0105dek.<\/p>\n<p>Pami\u0119tajmy, \u017ce kreatywno\u015b\u0107 w doborze zdj\u0119cia do CV sprowadza si\u0119 g\u0142\u00f3wnie do wybrania odpowiedniej fotografii. Wbrew mylnemu przekonaniu nie chodzi o ocen\u0119 osoby fotografowanej pod k\u0105tem jej cech fizycznych takich jak wzrost, waga czy rysy twarzy. Interesuj\u0105ce zdj\u0119cie to takie, kt\u00f3re posiada konkretny przekaz, mog\u0105cy zapewni\u0107 nam wyr\u00f3\u017cnienie z grona konkurent\u00f3w. Niekt\u00f3re bran\u017ce, zw\u0142aszcza dziedziny kreatywne takie jak grafika komputerowa, projektowanie mody lub PR ceni\u0105 sobie zdj\u0119cia w CV, \u015bci\u015ble koresponduj\u0105ce ze stanowiskiem, o kt\u00f3re si\u0119 ubiegamy. W wi\u0119kszo\u015bci przypadk\u00f3w warto jednak postawi\u0107 na uniwersalizm, czyli zdj\u0119cie budz\u0105ce okre\u015blone skojarzenia, zawsze okre\u015blane jako korzystne. Je\u017celi b\u0119dziesz pami\u0119ta\u0107, aby do zdj\u0119cia za\u0142o\u017cy\u0107 eleganck\u0105 odzie\u017c, np. koszul\u0119 czy marynark\u0119, to z pewno\u015bci\u0105 zrobisz dobre wra\u017cenie. Wyprostowana postawa cia\u0142a, pewny wzrok, uk\u0142ad r\u0105k oraz g\u0142owy, a nawet spos\u00f3b u\u015bmiechania si\u0119 mo\u017ce wp\u0142ywa\u0107 na ocen\u0119 kandydata, pod wzgl\u0119dem cech osobowo\u015bci i wywiera\u0107 konkretne odczucia u rekrutera.<\/p>\n<h2><span class=\"ez-toc-section\" id=\"selfie-w-cv-czy-to-dobry-pomysl\"><\/span>Selfie w CV? Czy to dobry pomys\u0142?<span class=\"ez-toc-section-end\"><\/span><\/h2>\n<p>Czy wiesz, \u017ce pierwszy autoportret zosta\u0142 wykonany ju\u017c w 1839 r. przez Roberta Corneliusa? Wiele lat jednak musia\u0142o up\u0142yn\u0105\u0107, zanim pojawi\u0142o si\u0119 selfie. Dzi\u015b wykonuje si\u0119 je najcz\u0119\u015bciej za pomoc\u0105 telefonu kom\u00f3rkowego. Nie bez powodu te\u017c takie autoportrety wi\u0105\u017ce si\u0119 z mediami spo\u0142eczno\u015bciowymi \u2013 to w\u0142a\u015bnie tam s\u0105 one najcz\u0119\u015bciej publikowane.<\/p>\n<p>Obok selfie, na kt\u00f3rym pojawia si\u0119 wy\u0142\u0105cznie jedna osoba, nie mo\u017cna zapomnie\u0107 o grupowych selfie, czyli zdj\u0119ciach, na kt\u00f3rych jest co najmniej kilka os\u00f3b. Niezale\u017cnie od tego, czy zrobisz takie zdj\u0119cia i publikujesz je w mediach spo\u0142eczno\u015bciowych, czy te\u017c pozostawiasz je wy\u0142\u0105cznie dla siebie, musisz wiedzie\u0107, \u017ce selfie w CV nie prezentuje si\u0119 profesjonalnie.<\/p>\n<h2><span class=\"ez-toc-section\" id=\"selfie-w-cv-chyba-ze-nie-chcesz-otrzymac-pracy\"><\/span><b>Selfie w CV? Chyba, \u017ce nie chcesz otrzyma\u0107 pracy<\/b><span class=\"ez-toc-section-end\"><\/span><\/h2>\n<p>Trudno zrobi\u0107 profesjonalne selfie. Co wi\u0119cej, takie zdj\u0119cia jednoznacznie kojarz\u0105 si\u0119 z mediami spo\u0142eczno\u015bciowymi. Z tego te\u017c wzgl\u0119du nie powiniene\u015b liczy\u0107, \u017ce zamieszczaj\u0105c tak\u0105 fotografi\u0119 w oficjalnych dokumentach przesy\u0142anych do firmy poszukuj\u0105cej pracownika, zostaniesz potraktowany powa\u017cnie. M\u00f3wi\u0105c wprost \u2013 to kiepskie rozwi\u0105zanie, aby umie\u015bci\u0107 selfie w CV.<\/p>\n<p>Cho\u0107 trudno w to uwierzy\u0107, niekt\u00f3re osoby poszukuj\u0105ce zatrudnienia stawiaj\u0105 nie na selfie, ale\u2026 selfie grupowe. Jak \u0142atwo si\u0119 domy\u015ble\u0107, takie dokumenty r\u00f3wnie\u017c szybko l\u0105duj\u0105 w niszczarce, o ile s\u0105 w og\u00f3le drukowane.<\/p>\n<h2><span class=\"ez-toc-section\" id=\"co-zamiast-selfie-czyli-jak-zrobic-dobre-zdjecie-do-cv\"><\/span><b>Co zamiast selfie, czyli jak zrobi\u0107 dobre zdj\u0119cie do CV?<\/b><span class=\"ez-toc-section-end\"><\/span><\/h2>\n<p>Nie ma wymogu, aby w CV zamieszcza\u0107 zdj\u0119cie. Musisz jednak wiedzie\u0107, \u017ce przyj\u0119\u0142o si\u0119, \u017ce dokumenty w\u0142a\u015bnie ze zdj\u0119ciem s\u0105 przesy\u0142ane na wskazany przez pracodawc\u0119 adres mailowy. Je\u017celi zatem nie chcesz odstawa\u0107, to zamieszczenie fotografii w przygotowanych dokumentach aplikacyjnych to dobry pomys\u0142 \u2013 wyja\u015bnia specjalista portalu praca-katowice.info.<\/p>\n<p>Co zamiast selfie? Najlepiej, aby\u015b zainwestowa\u0142 w profesjonalne zdj\u0119cie, jak np. do dowodu. Mo\u017cesz r\u00f3wnie\u017c zda\u0107 si\u0119 na specjalist\u0119 \u2013 fotografa, kt\u00f3ry wykona fotografi\u0119 biznesow\u0105. Tak\u0105 z powodzeniem b\u0119dziesz m\u00f3g\u0142 do\u0142\u0105czy\u0107 do CV. Takie zdj\u0119cie mo\u017ce by\u0107 zar\u00f3wno w kolorze, mo\u017ce by\u0107 r\u00f3wnie\u017c czarno-bia\u0142e.<\/p>\n<h2><span class=\"ez-toc-section\" id=\"jak-wstawic-zdjecie-do-cv-zeby-nie-popelnic-bledu\"><\/span>Jak wstawi\u0107 zdj\u0119cie do CV, \u017ceby nie pope\u0142ni\u0107 b\u0142\u0119du?<span class=\"ez-toc-section-end\"><\/span><\/h2>\n<p>Je\u015bli zdecydujemy si\u0119 na stworzenie CV ze zdj\u0119ciem powinni\u015bmy do\u0142o\u017cy\u0107 wszelkich stara\u0144, aby wybrana przez nas fotografia spe\u0142ni\u0142a niepisane normy i przyczyni\u0142a si\u0119 do wzrostu atrakcyjno\u015bci dokumentu \u2013 a nie odwrotnie. Podstaw\u0105 jest zamieszczenie zdj\u0119cia aktualnego. Oczywi\u015bcie, nie musi to by\u0107 zdj\u0119cie z danego roku czy miesi\u0105ca, warto jednak, aby przedstawia\u0142o nasz\u0105 osob\u0119 jak najlepiej. Diametralne zmiany fryzury, operacje plastyczne, czy zamiana okular\u00f3w na szk\u0142a kontaktowe, nie wspominaj\u0105c o rozbie\u017cno\u015bciach oceny wieku,\u00a0 mog\u0105 spowodowa\u0107 konsternacj\u0119 rekruter\u00f3w podczas rozmowy rekrutacyjnej.<\/p>\n<p>Powa\u017cnym b\u0142\u0119dem, jest tak\u017ce wyb\u00f3r zdj\u0119cia bardzo niskiej jako\u015bci, nierzadko rozmazanego, a nawet nieczytelnego. Dodanie go mija si\u0119 z celem, co wi\u0119cej wp\u0142ywa negatywnie na obraz naszej osoby jako pracownika dok\u0142adnego i rzetelnego. Chocia\u017c nie istniej\u0105 formalne wytyczne odnosz\u0105ce si\u0119 do wielko\u015bci zdj\u0119cia i jego wykadrowania, trzeba uwa\u017ca\u0107, aby nie przesadzi\u0107. Zbyt ma\u0142a lub zbyt du\u017ca fotografia zaburza kompozycj\u0119 graficzn\u0105 ca\u0142ego CV. Podobnie, je\u015bli zdecydujemy si\u0119 na szeroki kadr i ukazanie ca\u0142ej sylwetki. Wysy\u0142aj\u0105c CV ze zdj\u0119ciem, warto postawi\u0107 na sprawdzone sposoby prezentacji i skupienie si\u0119 na pokazaniu twarzy, w tym oczu \u2013 ewentualnie ramion. W zestawieniu z jednolitym t\u0142em otrzymujemy profesjonaln\u0105 fotografi\u0119, bez du\u017cego nak\u0142adu pracy.<\/p>\n<p>W zwi\u0105zku z powy\u017cszym, po wnikliwej analizie profilu oferty, na kt\u00f3r\u0105 odpowiadamy, nale\u017cy oceni\u0107, jaki kontekst zdj\u0119cia b\u0119dzie odpowiedni. W wi\u0119kszo\u015bci przypadk\u00f3w najlepiej postawi\u0107 na fotografi\u0119 oficjaln\u0105. Wspomnienia z wakacji czy imprezy lub zdj\u0119cie w towarzystwie os\u00f3b trzecich to bardzo z\u0142e rozwi\u0105zanie, kt\u00f3rego negatywny odd\u017awi\u0119k mo\u017ce wp\u0142yn\u0105\u0107 nawet na stron\u0119 merytoryczn\u0105 naszego CV.<\/p>\n<p>Oczywi\u015bcie pozostaj\u0105 kwestie podstawowe, takie jak nasz wygl\u0105d. Mimo, \u017ce zdj\u0119cie w CV nie jest wyznacznikiem potencja\u0142u i szans kandydata otrzymanie posady, ka\u017cdemu przyda si\u0119 nieco krytycznego spojrzenia na to, jak na nim wyszli\u015bmy. Niekorzystne zdj\u0119cia niepotrzebnie zwracaj\u0105 uwag\u0119 na ma\u0142o istotne rzeczy. P\u00f3\u0142przymkni\u0119te oczy, \u015bwi\u0119c\u0105ca si\u0119 twarz, czy niechlujny ubi\u00f3r, w danym momencie s\u0105 przypadkiem, jednak zamieszczone w CV definiuj\u0105 nas na d\u0142u\u017cej. Z drugiej strony m\u0142odsze pokolenia coraz cz\u0119\u015bciej decyduj\u0105 si\u0119 na przek\u0142amanie rzeczywisto\u015bci, poprzez korzystanie z filtr\u00f3w upi\u0119kszaj\u0105cych, a nawet narz\u0119dzi do retuszowania zdj\u0119\u0107. Tym samym kandydat ukazuje, \u017ce wi\u0119ksz\u0105 wag\u0119 przyk\u0142ada do w\u0142asnego wygl\u0105du, ani\u017celi umiej\u0119tno\u015bci i mo\u017ce zniech\u0119ci\u0107 rekrutera, kt\u00f3ry czuje si\u0119 oszukany.<\/p>\n<p>Jak wi\u0119c wstawi\u0107 zdj\u0119cie do CV, \u017ceby sobie pom\u00f3c? Pami\u0119tajmy, \u017ce zdj\u0119cie w CV jest uzupe\u0142nieniem tre\u015bci i nie powinno w \u017caden spos\u00f3b jej przy\u0107miewa\u0107. Dlatego rozmiar, kolor i sam przekaz, musz\u0105 by\u0107 na tyle zbilansowane, by zainteresowa\u0107 rekrutera, a nie go odstraszy\u0107.<\/p>\n<h2><span class=\"ez-toc-section\" id=\"zdjecie-do-cv-tylko-twarzy-nie-calej-sylwetki\"><\/span><b>Zdj\u0119cie do CV? Tylko twarzy, nie ca\u0142ej sylwetki<\/b><span class=\"ez-toc-section-end\"><\/span><\/h2>\n<p>Przygotowuj\u0105c CV czy list motywacyjny (do tego r\u00f3wnie\u017c mo\u017cesz do\u0142\u0105czy\u0107 swoje zdj\u0119cie), musisz pami\u0119ta\u0107, aby fotografia by\u0142a stosunkowo niewielka. W\u0142a\u015bnie z tego wzgl\u0119du przyj\u0119\u0142o si\u0119, \u017ce zamiast fotografii ca\u0142ej sylwetki, z powodzeniem wystarczy zdj\u0119cie twarzy. Mimo \u017ce zdj\u0119cie nie przedstawia ca\u0142ej twojej sylwetki, to wybieraj\u0105c si\u0119 do fotografa, nie powiniene\u015b zapomnie\u0107 o eleganckim ubiorze. Najlepiej, aby\u015b ubra\u0142 koszul\u0119 lub nawet pokusi\u0142 si\u0119 o krawat. W ten spos\u00f3b b\u0119dziesz prezentowa\u0107 si\u0119 elegancko i powa\u017cnie. Kobiety powinny zadba\u0107 nie tylko o str\u00f3j, lecz tak\u017ce makija\u017c. Zbyt wyrazisty nie jest dobrym rozwi\u0105zaniem. Dodatkowo nie warto wpada\u0107 w przesad\u0119, je\u017celi chodzi o ilo\u015b\u0107 bi\u017cuterii. Delikatne, ma\u0142e kolczyki? Owszem, ale w\u00f3wczas ju\u017c zrezygnuj z pozosta\u0142ych ozd\u00f3b.<\/p>\n<h2><span class=\"ez-toc-section\" id=\"pracodawca-moze-znalezc-twoje-zdjecie-w-mediach-spolecznosciowych\"><\/span>Pracodawca mo\u017ce znale\u017a\u0107 Twoje zdj\u0119cie w mediach spo\u0142eczno\u015bciowych<span class=\"ez-toc-section-end\"><\/span><\/h2>\n<p>Co w sytuacji, gdy poszukujesz pracy, kt\u00f3ra nie b\u0119dzie od ciebie wymaga\u0142a kontaktu z klientami? Za\u0142\u00f3\u017cmy, \u017ce starasz si\u0119 o posad\u0119 na stanowisku grafika w du\u017cej firmie. Na co dzie\u0144 b\u0119dziesz kontaktowa\u0142 si\u0119 wy\u0142\u0105cznie ze wsp\u00f3\u0142pracownikami i prze\u0142o\u017conymi. Czy w takiej sytuacji to, \u017ce do\u0142\u0105czysz lub zrezygnujesz z do\u0142\u0105czenia zdj\u0119cia do CV b\u0119dzie mia\u0142o znaczenie?<\/p>\n<p>Nawet je\u015bli nie CV ze zdj\u0119ciem, nie b\u0119dzie wymagane, to nic nie stoi na przeszkodzie, aby pracodawca nie prze\u015bwietli\u0142 profilu kandydata na portalach spo\u0142eczno\u015bciowych. Jest to bardzo popularne zachowania, gdy\u017c jak t\u0142umacz\u0105 pracodawcy i rekruterzy, fotografie z \u017cycia codziennego mog\u0105 powiedzie\u0107 bardzo du\u017co o przysz\u0142ym pracowniku. Nie ma w tym nic niew\u0142a\u015bciwego, dlatego, \u017ce media spo\u0142eczno\u015bciowe w swojej istocie opieraj\u0105 si\u0119 na publicznym udost\u0119pnianiu wizerunku oraz okre\u015blonych tre\u015bci &#8211; tak\u017ce prywatnych. Kandydaci, kt\u00f3rzy mimo wszystko sprzeciwiaj\u0105 si\u0119 takim praktykom, mog\u0105 ograniczy\u0107 dost\u0119p do swojego konta lub zdecydowa\u0107 si\u0119 na reorganizacj\u0119 ca\u0142ego profilu.<\/p>\n<p>Jako specjalista z pewno\u015bci\u0105 korzystasz z serwis\u00f3w spo\u0142eczno\u015bciowych, kt\u00f3re specjalizuj\u0105 si\u0119 w kontaktach zawodowo-biznesowych. Przyk\u0142adami takich portal\u00f3w s\u0105 LinkedIn czy GoldenLine. Czy zamie\u015bci\u0142e\u015b tam zdj\u0119cie? Je\u017celi tak, to jest du\u017ce prawdopodobie\u0144stwo, \u017ce potencjalny pracodawca dotrze do niego. W efekcie nie ma r\u00f3\u017cnicy, czy zdecydujesz si\u0119 zamie\u015bci\u0107 fotografi\u0119 z CV, czy te\u017c nie. Mo\u017cesz jedynie zyska\u0107, a poniewa\u017c dzi\u015b sta\u0142o si\u0119 standardem wysy\u0142anie aplikacji w\u0142a\u015bnie ze zdj\u0119ciem, powiniene\u015b zdecydowa\u0107 si\u0119 na tak\u0105 opcj\u0119.<\/p>\n<h2><span class=\"ez-toc-section\" id=\"kiedy-zdjecie-ma-znaczenie\"><\/span>Kiedy zdj\u0119cie ma znaczenie?<span class=\"ez-toc-section-end\"><\/span><\/h2>\n<p>Mimo wszystko nie da si\u0119 zaprzeczy\u0107, \u017ce istniej\u0105 zawody, kt\u00f3re maj\u0105 podstawy do konkretnej selekcji kandydat\u00f3w, w\u0142a\u015bnie ze wzgl\u0119du na okre\u015blone cechy wygl\u0105du. Je\u017celi poszukujesz pracy w biurze, sklepie czy punkcie obs\u0142ugi klienta, to zdj\u0119cie zamieszczone w CV mo\u017ce ci pom\u00f3c w zdobyciu pracy. Dlaczego? Maj\u0105c kontakt z klientami, musisz wygl\u0105da\u0107 schludnie, musisz r\u00f3wnie\u017c dba\u0107 o siebie. To w\u0142a\u015bnie pracodawcy poszukuj\u0105cy pracownik\u00f3w do pracy z klientem najcz\u0119\u015bciej s\u0105 zainteresowani otrzymaniem od kandydat\u00f3w dokument\u00f3w aplikacyjnych ze zdj\u0119ciem.<\/p>\n<p>Nie powinno to Ci\u0119 dziwi\u0107 \u2013 w ten spos\u00f3b mog\u0105 oni od razu odrzuci\u0107 kandydatury os\u00f3b, kt\u00f3re maj\u0105 np. tatua\u017ce lub nietypow\u0105 fryzur\u0119. Mowa tu g\u0142\u00f3wnie o stanowiskach, kt\u00f3re pe\u0142nia funkcj\u0119 reprezentacyjn\u0105, \u015bwiadcz\u0105c\u0105 o kompetencjach pracownik\u00f3w. Przyk\u0142adowo asystentka stomatologa powinna posiada\u0107 zdrowy u\u015bmiech, kosmetyczka mie\u0107 zadbane d\u0142onie, a trener personalny wyrze\u017abione cia\u0142o.\u00a0 Trzeba jednak pami\u0119ta\u0107, \u017ce granice oceny, cz\u0119sto s\u0105 bardzo subiektywne, dlatego z regu\u0142y warto pr\u00f3bowa\u0107 aplikowa\u0107 na interesuj\u0105ce nas stanowisko, zw\u0142aszcza je\u015bli potencjalne braki wynagradza wykszta\u0142cenie, do\u015bwiadczenie oraz kwalifikacje.<\/p>\n<p>Czy warto zatem odpowiedzie\u0107 na takie og\u0142oszenie, przesy\u0142aj\u0105c CV bez zdj\u0119cia? Niestety, cz\u0119sto jest to bardzo ryzykowne. Zdarza si\u0119, \u017ce w przypadku du\u017cej ilo\u015bci zg\u0142osze\u0144, CV ze zdj\u0119ciem s\u0105 traktowane na preferencyjnych warunkach, z kolei podania bez fotografii s\u0105 przegl\u0105dane tylko pobie\u017cnie lub ca\u0142kowicie si\u0119 je odrzuca. Taka praktyka nie jest pochwalana, jednak\u017ce w wyst\u0119puje w wielu firmach. Wed\u0142ug analityk\u00f3w rynku pracy i proces\u00f3w rekrutacji, w obecnych czasach CV ze zdj\u0119ciem, z regu\u0142y posiada wi\u0119kszy potencja\u0142. Przede wszystkim daje mo\u017cliwo\u015b\u0107 wyr\u00f3\u017cnienia si\u0119 w\u015br\u00f3d innych CV i przekazania dodatkowych informacji, mog\u0105cych stanowi\u0107 o przewadze kandydata.<\/p>\n<h2><span class=\"ez-toc-section\" id=\"gdy-decydujesz-sie-na-zdjecie\"><\/span><span id=\"gdy-decydujesz-sie-na-zdjecie\" class=\"ez-toc-section\">Gdy decydujesz si\u0119 na zdj\u0119cie<\/span><span class=\"ez-toc-section-end\"><\/span><\/h2>\n<p>potencjalnemu pracodawcy przedstawiasz si\u0119 w spos\u00f3b pe\u0142niejszy. Ka\u017cdy z nas lubi wiedzie\u0107, z kim rozmawia i zasada ta odnosi si\u0119 r\u00f3wnie\u017c do rekrutacji na konkretne stanowisko. Dodaj\u0105c fotografi\u0119 do CV,\u00a0 mo\u017cesz po prostu lepiej si\u0119 zaprezentowa\u0107.<\/p>\n<p>Decyduj\u0105c si\u0119 na zdj\u0119cie powiniene\u015b chwil\u0119 po\u015bwi\u0119ci\u0107 na dob\u00f3r w\u0142a\u015bciwego. Jest kilka podstawowych zasad, o kt\u00f3rych trzeba pami\u0119ta\u0107. Zdj\u0119cie zamieszczone w dokumentach aplikacyjnych musi by\u0107 przede wszystkim profesjonalne \u2013 nie mo\u017cesz sobie pozwoli\u0107 na fotografi\u0119 np. z wakacji. Niekoniecznie te\u017c musi by\u0107 to zdj\u0119cie takie, jak do dowodu osobistego, dobrze jednak, by\u015b na zdj\u0119ciu nie mia\u0142 na sobie np. koszulki w kwiatki.<\/p>\n<p>Je\u017celi chcesz zainwestowa\u0107 w swoje CV, to mo\u017cesz zdecydowa\u0107 si\u0119 na profesjonalne zdj\u0119cie. Gdy takie wykona fotograf, mo\u017cesz mie\u0107 pewno\u015b\u0107, \u017ce b\u0119dziesz si\u0119 prezentowa\u0107 wyj\u0105tkowo dobrze.<\/p>\n<p>Pozostaje jeszcze kwestia tego, czy zdj\u0119cie ma by\u0107 w kolorze, czy lepiej, by by\u0142o czarno-bia\u0142e. I tu nie ma zasady \u2013 decydujesz Ty. Je\u017celi uwa\u017casz, \u017ce lepiej prezentujesz si\u0119 na zdj\u0119ciach czarno-bia\u0142ych, to do\u0142\u0105cz takie. Pami\u0119taj przy tym, \u017ce w wi\u0119kszo\u015bci firm nie ma kolorowych drukarek \u2013 nawet, gdy rekruter zdecyduje si\u0119 wydrukowa\u0107 twoje CV czy list motywacyjny, to zdj\u0119cie b\u0119dzie czarno-bia\u0142e.<\/p>\n<h2><span class=\"ez-toc-section\" id=\"gdy-rezygnujesz-ze-zdjecia\"><\/span><span id=\"gdy-rezygnujesz-ze-zdjecia\" class=\"ez-toc-section\">Gdy rezygnujesz ze zdj\u0119cia<\/span><span class=\"ez-toc-section-end\"><\/span><\/h2>\n<p>wcale nie musisz pozbawia\u0107 si\u0119 szansy na zdobycie zatrudnienia. Wielu pracodawc\u00f3w nie zwraca uwagi na wygl\u0105d zewn\u0119trzny swoich pracownik\u00f3w \u2013 tak zreszt\u0105 powinno by\u0107. Twoja aparycja nie ma znaczenia, je\u017celi masz pracowa\u0107 np. w callcenter i nie b\u0119dziesz mia\u0142 bezpo\u015bredniego kontaktu z klientami.<\/p>\n<p>CV bez zdj\u0119cia s\u0105 mniej popularne, ale nie oznacza to, \u017ce pracodawcy takich nie otrzymuj\u0105. Gdy rezygnujesz z dodania fotografii, to powiniene\u015b pami\u0119ta\u0107 o tym, by postawi\u0107 na graficzne wyr\u00f3\u017cnienie przygotowanych dokument\u00f3w. Dlaczego? CV bez zdj\u0119cia to kartka zadrukowana literami \u2013 dla pracodawcy niczym si\u0119 ona nie wyr\u00f3\u017cnia. Tymczasem doskonale wiadomo, \u017ce to spos\u00f3b zaprezentowania wiadomo\u015bci i odbi\u00f3r dokumentu przez rekrutera ma znaczenie dla tego, czy zapozna si\u0119 on z jego tre\u015bci\u0105. Graficzne wyr\u00f3\u017cnienia czy zastosowanie kolor\u00f3w pozwoli ci prze\u0142ama\u0107 czarno-bia\u0142\u0105 monotoni\u0119 dokumentu.<\/p>\n<p>Niezale\u017cnie od tego, czy zdecydowa\u0142e\u015b si\u0119 doda\u0107 do CV czy listu motywacyjnego zdj\u0119cie, pami\u0119taj, aby Twoje dokumenty prezentowa\u0142y si\u0119 schludnie i by\u0142y napisane poprawn\u0105 polszczyzn\u0105. Za\u0142\u0105czenie zdj\u0119cia to kwestia drugorz\u0119dna w tym wypadku. Dla jednych pracodawc\u00f3w istotna, dla drugich mniej \u2013 decyzja nale\u017cy do Ciebie.<\/p>\n<p><strong>Cho\u0107 zdj\u0119cie mo\u017ce wzbogaci\u0107 CV, to masz prawo nie by\u0107 przekonany do jego umieszczenia w dokumentach wysy\u0142anych pracodawcy. Nikt nie mo\u017ce ci\u0119 zmusi\u0107 do tego, aby\u015b takie do\u0142\u0105czy\u0142, a og\u0142oszenia, w kt\u00f3rych pracodawcy \u017c\u0105daj\u0105 od kandydata zdj\u0119cia, faktycznie \u0142ami\u0105 aktualnie obowi\u0105zuj\u0105ce przepisy prawa. CV ze zdj\u0119ciem to tylko i wy\u0142\u0105cznie Tw\u00f3j wyb\u00f3r. Z kolei profity jakie mo\u017ce zapewni\u0107 umiej\u0119tnie dobrane zdj\u0119cie, s\u0105 na tyle obiecuj\u0105ce, \u017ce zawsze warto wzi\u0105\u0107 je pod uwag\u0119 przy podejmowaniu decyzji.<\/strong><\/p>\n","protected":false},"excerpt":{"rendered":"<p>Znalezienie ciekawego og\u0142oszenia na portalu, na kt\u00f3rym og\u0142oszenia zamieszczaj\u0105 pracodawcy, jest momentem, w kt\u00f3rym trzeba zacz\u0105\u0107 konstruowa\u0107 dokumenty aplikacyjne. Do tych nale\u017c\u0105 CV i list motywacyjny. Podczas ich tworzenia, wielu osobom nasuwa si\u0119 w\u0105tpliwo\u015b\u0107, czy w CV powinno znale\u017a\u0107 si\u0119 zdj\u0119cie. Wiele os\u00f3b poszukuj\u0105cych zatrudnienia takowe zamieszcza, ale s\u0105 te\u017c tacy, kt\u00f3rzy s\u0105 temu przeciwni. [&hellip;]<\/p>\n","protected":false},"author":4,"featured_media":3701,"comment_status":"closed","ping_status":"closed","sticky":false,"template":"","format":"standard","meta":{"footnotes":""},"categories":[2],"tags":[],"class_list":["post-3700","post","type-post","status-publish","format-standard","has-post-thumbnail","hentry","category-porady"],"yoast_head":"<!-- This site is optimized with the Yoast SEO plugin v27.0 - https:\/\/yoast.com\/product\/yoast-seo-wordpress\/ -->\n<title>Zdj\u0119cie do CV - dodawa\u0107 czy nie? - Aplikuj.pl<\/title>\n<meta name=\"robots\" content=\"index, follow, max-snippet:-1, max-image-preview:large, max-video-preview:-1\" \/>\n<link rel=\"canonical\" href=\"https:\/\/www.aplikuj.pl\/cv\/zdjecie-do-cv-dodawac-czy-nie\/\" \/>\n<meta property=\"og:locale\" content=\"pl_PL\" \/>\n<meta property=\"og:type\" content=\"article\" \/>\n<meta property=\"og:title\" content=\"Zdj\u0119cie do CV - dodawa\u0107 czy nie? - Aplikuj.pl\" \/>\n<meta property=\"og:description\" content=\"Znalezienie ciekawego og\u0142oszenia na portalu, na kt\u00f3rym og\u0142oszenia zamieszczaj\u0105 pracodawcy, jest momentem, w kt\u00f3rym trzeba zacz\u0105\u0107 konstruowa\u0107 dokumenty aplikacyjne. Do tych nale\u017c\u0105 CV i list motywacyjny. Podczas ich tworzenia, wielu osobom nasuwa si\u0119 w\u0105tpliwo\u015b\u0107, czy w CV powinno znale\u017a\u0107 si\u0119 zdj\u0119cie. Wiele os\u00f3b poszukuj\u0105cych zatrudnienia takowe zamieszcza, ale s\u0105 te\u017c tacy, kt\u00f3rzy s\u0105 temu przeciwni. [&hellip;]\" \/>\n<meta property=\"og:url\" content=\"https:\/\/www.aplikuj.pl\/cv\/zdjecie-do-cv-dodawac-czy-nie\/\" \/>\n<meta property=\"og:site_name\" content=\"Aplikuj.pl\" \/>\n<meta property=\"article:published_time\" content=\"2019-05-21T16:27:03+00:00\" \/>\n<meta property=\"article:modified_time\" content=\"2026-02-22T22:22:18+00:00\" \/>\n<meta property=\"og:image\" content=\"https:\/\/www.aplikuj.pl\/cv\/wp-content\/uploads\/2019\/05\/Zdj\u0119cie-do-CV-dodawa\u0107-czy-nie.jpg\" \/>\n\t<meta property=\"og:image:width\" content=\"800\" \/>\n\t<meta property=\"og:image:height\" content=\"533\" \/>\n\t<meta property=\"og:image:type\" content=\"image\/jpeg\" \/>\n<meta name=\"author\" content=\"Pawe\u0142 Strykowski\" \/>\n<meta name=\"twitter:card\" content=\"summary_large_image\" \/>\n<meta name=\"twitter:label1\" content=\"Napisane przez\" \/>\n\t<meta name=\"twitter:data1\" content=\"Pawe\u0142 Strykowski\" \/>\n\t<meta name=\"twitter:label2\" content=\"Szacowany czas czytania\" \/>\n\t<meta name=\"twitter:data2\" content=\"17 minut\" \/>\n<script type=\"application\/ld+json\" class=\"yoast-schema-graph\">{\"@context\":\"https:\/\/schema.org\",\"@graph\":[{\"@type\":\"Article\",\"@id\":\"https:\/\/www.aplikuj.pl\/cv\/zdjecie-do-cv-dodawac-czy-nie\/#article\",\"isPartOf\":{\"@id\":\"https:\/\/www.aplikuj.pl\/cv\/zdjecie-do-cv-dodawac-czy-nie\/\"},\"author\":{\"name\":\"Pawe\u0142 Strykowski\",\"@id\":\"https:\/\/www.aplikuj.pl\/cv\/#\/schema\/person\/82a8c19a69e6904c580105126d7d0ad0\"},\"headline\":\"Zdj\u0119cie do CV &#8211; dodawa\u0107 czy nie?\",\"datePublished\":\"2019-05-21T16:27:03+00:00\",\"dateModified\":\"2026-02-22T22:22:18+00:00\",\"mainEntityOfPage\":{\"@id\":\"https:\/\/www.aplikuj.pl\/cv\/zdjecie-do-cv-dodawac-czy-nie\/\"},\"wordCount\":3400,\"publisher\":{\"@id\":\"https:\/\/www.aplikuj.pl\/cv\/#organization\"},\"image\":{\"@id\":\"https:\/\/www.aplikuj.pl\/cv\/zdjecie-do-cv-dodawac-czy-nie\/#primaryimage\"},\"thumbnailUrl\":\"https:\/\/www.aplikuj.pl\/cv\/wp-content\/uploads\/2019\/05\/Zdj\u0119cie-do-CV-dodawa\u0107-czy-nie.jpg\",\"articleSection\":[\"Porady\"],\"inLanguage\":\"pl-PL\"},{\"@type\":\"WebPage\",\"@id\":\"https:\/\/www.aplikuj.pl\/cv\/zdjecie-do-cv-dodawac-czy-nie\/\",\"url\":\"https:\/\/www.aplikuj.pl\/cv\/zdjecie-do-cv-dodawac-czy-nie\/\",\"name\":\"Zdj\u0119cie do CV - dodawa\u0107 czy nie? - Aplikuj.pl\",\"isPartOf\":{\"@id\":\"https:\/\/www.aplikuj.pl\/cv\/#website\"},\"primaryImageOfPage\":{\"@id\":\"https:\/\/www.aplikuj.pl\/cv\/zdjecie-do-cv-dodawac-czy-nie\/#primaryimage\"},\"image\":{\"@id\":\"https:\/\/www.aplikuj.pl\/cv\/zdjecie-do-cv-dodawac-czy-nie\/#primaryimage\"},\"thumbnailUrl\":\"https:\/\/www.aplikuj.pl\/cv\/wp-content\/uploads\/2019\/05\/Zdj\u0119cie-do-CV-dodawa\u0107-czy-nie.jpg\",\"datePublished\":\"2019-05-21T16:27:03+00:00\",\"dateModified\":\"2026-02-22T22:22:18+00:00\",\"breadcrumb\":{\"@id\":\"https:\/\/www.aplikuj.pl\/cv\/zdjecie-do-cv-dodawac-czy-nie\/#breadcrumb\"},\"inLanguage\":\"pl-PL\",\"potentialAction\":[{\"@type\":\"ReadAction\",\"target\":[\"https:\/\/www.aplikuj.pl\/cv\/zdjecie-do-cv-dodawac-czy-nie\/\"]}]},{\"@type\":\"ImageObject\",\"inLanguage\":\"pl-PL\",\"@id\":\"https:\/\/www.aplikuj.pl\/cv\/zdjecie-do-cv-dodawac-czy-nie\/#primaryimage\",\"url\":\"https:\/\/www.aplikuj.pl\/cv\/wp-content\/uploads\/2019\/05\/Zdj\u0119cie-do-CV-dodawa\u0107-czy-nie.jpg\",\"contentUrl\":\"https:\/\/www.aplikuj.pl\/cv\/wp-content\/uploads\/2019\/05\/Zdj\u0119cie-do-CV-dodawa\u0107-czy-nie.jpg\",\"width\":800,\"height\":533,\"caption\":\"Zdj\u0119cie do CV dodawa\u0107 czy nie\"},{\"@type\":\"BreadcrumbList\",\"@id\":\"https:\/\/www.aplikuj.pl\/cv\/zdjecie-do-cv-dodawac-czy-nie\/#breadcrumb\",\"itemListElement\":[{\"@type\":\"ListItem\",\"position\":1,\"name\":\"Kreator CV\",\"item\":\"https:\/\/www.aplikuj.pl\/cv\/\"},{\"@type\":\"ListItem\",\"position\":2,\"name\":\"Porady\",\"item\":\"https:\/\/www.aplikuj.pl\/cv\/porady\/\"},{\"@type\":\"ListItem\",\"position\":3,\"name\":\"Zdj\u0119cie do CV &#8211; dodawa\u0107 czy nie?\"}]},{\"@type\":\"WebSite\",\"@id\":\"https:\/\/www.aplikuj.pl\/cv\/#website\",\"url\":\"https:\/\/www.aplikuj.pl\/cv\/\",\"name\":\"Aplikuj.pl\",\"description\":\"Profesjonalne i darmowe wzory CV, list\u00f3w motywacyjnych i poda\u0144 o prac\u0119\",\"publisher\":{\"@id\":\"https:\/\/www.aplikuj.pl\/cv\/#organization\"},\"potentialAction\":[{\"@type\":\"SearchAction\",\"target\":{\"@type\":\"EntryPoint\",\"urlTemplate\":\"https:\/\/www.aplikuj.pl\/cv\/?s={search_term_string}\"},\"query-input\":{\"@type\":\"PropertyValueSpecification\",\"valueRequired\":true,\"valueName\":\"search_term_string\"}}],\"inLanguage\":\"pl-PL\"},{\"@type\":\"Organization\",\"@id\":\"https:\/\/www.aplikuj.pl\/cv\/#organization\",\"name\":\"Aplikuj.pl\",\"url\":\"https:\/\/www.aplikuj.pl\/cv\/\",\"logo\":{\"@type\":\"ImageObject\",\"inLanguage\":\"pl-PL\",\"@id\":\"https:\/\/www.aplikuj.pl\/cv\/#\/schema\/logo\/image\/\",\"url\":\"https:\/\/www.aplikuj.pl\/cv\/wp-content\/uploads\/2019\/04\/cv-wzory-aplikuj.jpg\",\"contentUrl\":\"https:\/\/www.aplikuj.pl\/cv\/wp-content\/uploads\/2019\/04\/cv-wzory-aplikuj.jpg\",\"width\":180,\"height\":180,\"caption\":\"Aplikuj.pl\"},\"image\":{\"@id\":\"https:\/\/www.aplikuj.pl\/cv\/#\/schema\/logo\/image\/\"}},{\"@type\":\"Person\",\"@id\":\"https:\/\/www.aplikuj.pl\/cv\/#\/schema\/person\/82a8c19a69e6904c580105126d7d0ad0\",\"name\":\"Pawe\u0142 Strykowski\",\"image\":{\"@type\":\"ImageObject\",\"inLanguage\":\"pl-PL\",\"@id\":\"https:\/\/www.aplikuj.pl\/cv\/#\/schema\/person\/image\/\",\"url\":\"https:\/\/secure.gravatar.com\/avatar\/6aad4537f1280fe8a7bfe3291c7c15d99fae25b9f8bc1cdb797bd9ca20b2c157?s=96&d=mm&r=g\",\"contentUrl\":\"https:\/\/secure.gravatar.com\/avatar\/6aad4537f1280fe8a7bfe3291c7c15d99fae25b9f8bc1cdb797bd9ca20b2c157?s=96&d=mm&r=g\",\"caption\":\"Pawe\u0142 Strykowski\"},\"sameAs\":[\"https:\/\/aplikuj.pl\"]}]}<\/script>\n<!-- \/ Yoast SEO plugin. -->","yoast_head_json":{"title":"Zdj\u0119cie do CV - dodawa\u0107 czy nie? - Aplikuj.pl","robots":{"index":"index","follow":"follow","max-snippet":"max-snippet:-1","max-image-preview":"max-image-preview:large","max-video-preview":"max-video-preview:-1"},"canonical":"https:\/\/www.aplikuj.pl\/cv\/zdjecie-do-cv-dodawac-czy-nie\/","og_locale":"pl_PL","og_type":"article","og_title":"Zdj\u0119cie do CV - dodawa\u0107 czy nie? - Aplikuj.pl","og_description":"Znalezienie ciekawego og\u0142oszenia na portalu, na kt\u00f3rym og\u0142oszenia zamieszczaj\u0105 pracodawcy, jest momentem, w kt\u00f3rym trzeba zacz\u0105\u0107 konstruowa\u0107 dokumenty aplikacyjne. Do tych nale\u017c\u0105 CV i list motywacyjny. Podczas ich tworzenia, wielu osobom nasuwa si\u0119 w\u0105tpliwo\u015b\u0107, czy w CV powinno znale\u017a\u0107 si\u0119 zdj\u0119cie. Wiele os\u00f3b poszukuj\u0105cych zatrudnienia takowe zamieszcza, ale s\u0105 te\u017c tacy, kt\u00f3rzy s\u0105 temu przeciwni. [&hellip;]","og_url":"https:\/\/www.aplikuj.pl\/cv\/zdjecie-do-cv-dodawac-czy-nie\/","og_site_name":"Aplikuj.pl","article_published_time":"2019-05-21T16:27:03+00:00","article_modified_time":"2026-02-22T22:22:18+00:00","og_image":[{"width":800,"height":533,"url":"https:\/\/www.aplikuj.pl\/cv\/wp-content\/uploads\/2019\/05\/Zdj\u0119cie-do-CV-dodawa\u0107-czy-nie.jpg","type":"image\/jpeg"}],"author":"Pawe\u0142 Strykowski","twitter_card":"summary_large_image","twitter_misc":{"Napisane przez":"Pawe\u0142 Strykowski","Szacowany czas czytania":"17 minut"},"schema":{"@context":"https:\/\/schema.org","@graph":[{"@type":"Article","@id":"https:\/\/www.aplikuj.pl\/cv\/zdjecie-do-cv-dodawac-czy-nie\/#article","isPartOf":{"@id":"https:\/\/www.aplikuj.pl\/cv\/zdjecie-do-cv-dodawac-czy-nie\/"},"author":{"name":"Pawe\u0142 Strykowski","@id":"https:\/\/www.aplikuj.pl\/cv\/#\/schema\/person\/82a8c19a69e6904c580105126d7d0ad0"},"headline":"Zdj\u0119cie do CV &#8211; dodawa\u0107 czy nie?","datePublished":"2019-05-21T16:27:03+00:00","dateModified":"2026-02-22T22:22:18+00:00","mainEntityOfPage":{"@id":"https:\/\/www.aplikuj.pl\/cv\/zdjecie-do-cv-dodawac-czy-nie\/"},"wordCount":3400,"publisher":{"@id":"https:\/\/www.aplikuj.pl\/cv\/#organization"},"image":{"@id":"https:\/\/www.aplikuj.pl\/cv\/zdjecie-do-cv-dodawac-czy-nie\/#primaryimage"},"thumbnailUrl":"https:\/\/www.aplikuj.pl\/cv\/wp-content\/uploads\/2019\/05\/Zdj\u0119cie-do-CV-dodawa\u0107-czy-nie.jpg","articleSection":["Porady"],"inLanguage":"pl-PL"},{"@type":"WebPage","@id":"https:\/\/www.aplikuj.pl\/cv\/zdjecie-do-cv-dodawac-czy-nie\/","url":"https:\/\/www.aplikuj.pl\/cv\/zdjecie-do-cv-dodawac-czy-nie\/","name":"Zdj\u0119cie do CV - dodawa\u0107 czy nie? - Aplikuj.pl","isPartOf":{"@id":"https:\/\/www.aplikuj.pl\/cv\/#website"},"primaryImageOfPage":{"@id":"https:\/\/www.aplikuj.pl\/cv\/zdjecie-do-cv-dodawac-czy-nie\/#primaryimage"},"image":{"@id":"https:\/\/www.aplikuj.pl\/cv\/zdjecie-do-cv-dodawac-czy-nie\/#primaryimage"},"thumbnailUrl":"https:\/\/www.aplikuj.pl\/cv\/wp-content\/uploads\/2019\/05\/Zdj\u0119cie-do-CV-dodawa\u0107-czy-nie.jpg","datePublished":"2019-05-21T16:27:03+00:00","dateModified":"2026-02-22T22:22:18+00:00","breadcrumb":{"@id":"https:\/\/www.aplikuj.pl\/cv\/zdjecie-do-cv-dodawac-czy-nie\/#breadcrumb"},"inLanguage":"pl-PL","potentialAction":[{"@type":"ReadAction","target":["https:\/\/www.aplikuj.pl\/cv\/zdjecie-do-cv-dodawac-czy-nie\/"]}]},{"@type":"ImageObject","inLanguage":"pl-PL","@id":"https:\/\/www.aplikuj.pl\/cv\/zdjecie-do-cv-dodawac-czy-nie\/#primaryimage","url":"https:\/\/www.aplikuj.pl\/cv\/wp-content\/uploads\/2019\/05\/Zdj\u0119cie-do-CV-dodawa\u0107-czy-nie.jpg","contentUrl":"https:\/\/www.aplikuj.pl\/cv\/wp-content\/uploads\/2019\/05\/Zdj\u0119cie-do-CV-dodawa\u0107-czy-nie.jpg","width":800,"height":533,"caption":"Zdj\u0119cie do CV dodawa\u0107 czy nie"},{"@type":"BreadcrumbList","@id":"https:\/\/www.aplikuj.pl\/cv\/zdjecie-do-cv-dodawac-czy-nie\/#breadcrumb","itemListElement":[{"@type":"ListItem","position":1,"name":"Kreator CV","item":"https:\/\/www.aplikuj.pl\/cv\/"},{"@type":"ListItem","position":2,"name":"Porady","item":"https:\/\/www.aplikuj.pl\/cv\/porady\/"},{"@type":"ListItem","position":3,"name":"Zdj\u0119cie do CV &#8211; dodawa\u0107 czy nie?"}]},{"@type":"WebSite","@id":"https:\/\/www.aplikuj.pl\/cv\/#website","url":"https:\/\/www.aplikuj.pl\/cv\/","name":"Aplikuj.pl","description":"Profesjonalne i darmowe wzory CV, list\u00f3w motywacyjnych i poda\u0144 o prac\u0119","publisher":{"@id":"https:\/\/www.aplikuj.pl\/cv\/#organization"},"potentialAction":[{"@type":"SearchAction","target":{"@type":"EntryPoint","urlTemplate":"https:\/\/www.aplikuj.pl\/cv\/?s={search_term_string}"},"query-input":{"@type":"PropertyValueSpecification","valueRequired":true,"valueName":"search_term_string"}}],"inLanguage":"pl-PL"},{"@type":"Organization","@id":"https:\/\/www.aplikuj.pl\/cv\/#organization","name":"Aplikuj.pl","url":"https:\/\/www.aplikuj.pl\/cv\/","logo":{"@type":"ImageObject","inLanguage":"pl-PL","@id":"https:\/\/www.aplikuj.pl\/cv\/#\/schema\/logo\/image\/","url":"https:\/\/www.aplikuj.pl\/cv\/wp-content\/uploads\/2019\/04\/cv-wzory-aplikuj.jpg","contentUrl":"https:\/\/www.aplikuj.pl\/cv\/wp-content\/uploads\/2019\/04\/cv-wzory-aplikuj.jpg","width":180,"height":180,"caption":"Aplikuj.pl"},"image":{"@id":"https:\/\/www.aplikuj.pl\/cv\/#\/schema\/logo\/image\/"}},{"@type":"Person","@id":"https:\/\/www.aplikuj.pl\/cv\/#\/schema\/person\/82a8c19a69e6904c580105126d7d0ad0","name":"Pawe\u0142 Strykowski","image":{"@type":"ImageObject","inLanguage":"pl-PL","@id":"https:\/\/www.aplikuj.pl\/cv\/#\/schema\/person\/image\/","url":"https:\/\/secure.gravatar.com\/avatar\/6aad4537f1280fe8a7bfe3291c7c15d99fae25b9f8bc1cdb797bd9ca20b2c157?s=96&d=mm&r=g","contentUrl":"https:\/\/secure.gravatar.com\/avatar\/6aad4537f1280fe8a7bfe3291c7c15d99fae25b9f8bc1cdb797bd9ca20b2c157?s=96&d=mm&r=g","caption":"Pawe\u0142 Strykowski"},"sameAs":["https:\/\/aplikuj.pl"]}]}},"_links":{"self":[{"href":"https:\/\/www.aplikuj.pl\/cv\/wp-json\/wp\/v2\/posts\/3700","targetHints":{"allow":["GET"]}}],"collection":[{"href":"https:\/\/www.aplikuj.pl\/cv\/wp-json\/wp\/v2\/posts"}],"about":[{"href":"https:\/\/www.aplikuj.pl\/cv\/wp-json\/wp\/v2\/types\/post"}],"author":[{"embeddable":true,"href":"https:\/\/www.aplikuj.pl\/cv\/wp-json\/wp\/v2\/users\/4"}],"replies":[{"embeddable":true,"href":"https:\/\/www.aplikuj.pl\/cv\/wp-json\/wp\/v2\/comments?post=3700"}],"version-history":[{"count":3,"href":"https:\/\/www.aplikuj.pl\/cv\/wp-json\/wp\/v2\/posts\/3700\/revisions"}],"predecessor-version":[{"id":3921,"href":"https:\/\/www.aplikuj.pl\/cv\/wp-json\/wp\/v2\/posts\/3700\/revisions\/3921"}],"wp:featuredmedia":[{"embeddable":true,"href":"https:\/\/www.aplikuj.pl\/cv\/wp-json\/wp\/v2\/media\/3701"}],"wp:attachment":[{"href":"https:\/\/www.aplikuj.pl\/cv\/wp-json\/wp\/v2\/media?parent=3700"}],"wp:term":[{"taxonomy":"category","embeddable":true,"href":"https:\/\/www.aplikuj.pl\/cv\/wp-json\/wp\/v2\/categories?post=3700"},{"taxonomy":"post_tag","embeddable":true,"href":"https:\/\/www.aplikuj.pl\/cv\/wp-json\/wp\/v2\/tags?post=3700"}],"curies":[{"name":"wp","href":"https:\/\/api.w.org\/{rel}","templated":true}]}}