{"id":3684,"date":"2019-05-21T18:06:07","date_gmt":"2019-05-21T16:06:07","guid":{"rendered":"https:\/\/www.aplikuj.pl\/cv\/?p=3684"},"modified":"2026-02-22T23:22:18","modified_gmt":"2026-02-22T22:22:18","slug":"czy-zdarza-ci-sie-klamac-w-cv","status":"publish","type":"post","link":"https:\/\/www.aplikuj.pl\/cv\/czy-zdarza-ci-sie-klamac-w-cv\/","title":{"rendered":"Czy zdarza Ci si\u0119 k\u0142ama\u0107 w CV?"},"content":{"rendered":"<p>CV i list motywacyjny mo\u017cna uzna\u0107 za nasze wizyt\u00f3wki. Dokumenty te wysy\u0142amy w\u00f3wczas, gdy aplikujemy na wybrane stanowisko. Jako osoba poszukuj\u0105ca zatrudnienia, z pewno\u015bci\u0105 wiesz, \u017ce to zadanie jest prawdziwym wyzwaniem. A gdyby tak podkoloryzowa\u0107 dokumenty aplikacyjne, zawy\u017caj\u0105c swoje kompetencje? Je\u017celi przysz\u0142o ci to kiedy\u015b na my\u015bl, to pami\u0119taj, \u017ce k\u0142amstwo ma kr\u00f3tkie nogi &#8211; pr\u0119dzej czy p\u00f3\u017aniej wyjdzie na jaw.<\/p>\n<div id=\"ez-toc-container\" class=\"ez-toc-v2_0_80 counter-hierarchy ez-toc-counter ez-toc-grey ez-toc-container-direction\">\n<p class=\"ez-toc-title\" style=\"cursor:inherit\">Spis tre\u015bci<\/p>\n<label for=\"ez-toc-cssicon-toggle-item-69f38caad77d3\" class=\"ez-toc-cssicon-toggle-label\"><span class=\"\"><span class=\"eztoc-hide\" style=\"display:none;\">Toggle<\/span><span class=\"ez-toc-icon-toggle-span\"><svg style=\"fill: #999;color:#999\" xmlns=\"http:\/\/www.w3.org\/2000\/svg\" class=\"list-377408\" width=\"20px\" height=\"20px\" viewBox=\"0 0 24 24\" fill=\"none\"><path d=\"M6 6H4v2h2V6zm14 0H8v2h12V6zM4 11h2v2H4v-2zm16 0H8v2h12v-2zM4 16h2v2H4v-2zm16 0H8v2h12v-2z\" fill=\"currentColor\"><\/path><\/svg><svg style=\"fill: #999;color:#999\" class=\"arrow-unsorted-368013\" xmlns=\"http:\/\/www.w3.org\/2000\/svg\" width=\"10px\" height=\"10px\" viewBox=\"0 0 24 24\" version=\"1.2\" baseProfile=\"tiny\"><path d=\"M18.2 9.3l-6.2-6.3-6.2 6.3c-.2.2-.3.4-.3.7s.1.5.3.7c.2.2.4.3.7.3h11c.3 0 .5-.1.7-.3.2-.2.3-.5.3-.7s-.1-.5-.3-.7zM5.8 14.7l6.2 6.3 6.2-6.3c.2-.2.3-.5.3-.7s-.1-.5-.3-.7c-.2-.2-.4-.3-.7-.3h-11c-.3 0-.5.1-.7.3-.2.2-.3.5-.3.7s.1.5.3.7z\"\/><\/svg><\/span><\/span><\/label><input type=\"checkbox\"  id=\"ez-toc-cssicon-toggle-item-69f38caad77d3\"  aria-label=\"Prze\u0142\u0105cznik\" \/><nav><ul class='ez-toc-list ez-toc-list-level-1 ' ><li class='ez-toc-page-1 ez-toc-heading-level-2'><a class=\"ez-toc-link ez-toc-heading-1\" href=\"https:\/\/www.aplikuj.pl\/cv\/czy-zdarza-ci-sie-klamac-w-cv\/#osoby-poszukujace-pracy-lubia-klamac\" >Osoby poszukuj\u0105ce pracy lubi\u0105 k\u0142ama\u0107?<\/a><\/li><li class='ez-toc-page-1 ez-toc-heading-level-2'><a class=\"ez-toc-link ez-toc-heading-2\" href=\"https:\/\/www.aplikuj.pl\/cv\/czy-zdarza-ci-sie-klamac-w-cv\/#telefon-do-bylego-pracodawcy\" >Telefon do by\u0142ego pracodawcy<\/a><\/li><li class='ez-toc-page-1 ez-toc-heading-level-2'><a class=\"ez-toc-link ez-toc-heading-3\" href=\"https:\/\/www.aplikuj.pl\/cv\/czy-zdarza-ci-sie-klamac-w-cv\/#problemy-rowniez-po-zatrudnieniu\" >Problemy r\u00f3wnie\u017c po zatrudnieniu<\/a><\/li><\/ul><\/nav><\/div>\n<h2><span class=\"ez-toc-section\" id=\"osoby-poszukujace-pracy-lubia-klamac\"><\/span><b>Osoby poszukuj\u0105ce pracy lubi\u0105 k\u0142ama\u0107?<\/b><span class=\"ez-toc-section-end\"><\/span><\/h2>\n<p>Rekruterzy podkre\u015blaj\u0105, \u017ce cz\u0119sto spotykaj\u0105 si\u0119 z sytuacj\u0105, gdy osoby poszukuj\u0105ce zatrudnienia podaj\u0105 w CV nieprawdziwe dane. Lista grzech\u00f3w jest d\u0142uga. Najcz\u0119\u015bciej jednak kandydaci zawy\u017caj\u0105 swoj\u0105 znajomo\u015b\u0107 j\u0119zyka obcego lub podaj\u0105 rozszerzony zakres obowi\u0105zk\u00f3w w poprzednim miejscu pracy. Po co to wszystko? Cel jest prosty \u2013 kandydat chce zosta\u0107 zauwa\u017cony, chce, aby rekruter zainteresowa\u0142 si\u0119 w\u0142a\u015bnie jego aplikacj\u0105 i zaprosi\u0142 go na rozmow\u0119 kwalifikacyjn\u0105.<\/p>\n<p>Je\u017celi zawy\u017cysz swoje kompetencje, faktycznie mo\u017cesz wypa\u015b\u0107 lepiej ni\u017c pozostali kandydaci, kt\u00f3rzy ubiegaj\u0105 si\u0119 o to samo stanowisko pracy. Ale tylko do czasu rozmowy kwalifikacyjnej. Podczas takiej rekruter sprawdzi, czy znasz j\u0119zyk obcy w stopniu, kt\u00f3ry poda\u0142e\u015b i czy posiadasz wskazane umiej\u0119tno\u015bci. K\u0142ami\u0105c, faktycznie wyjdziesz na osob\u0119, do kt\u00f3rej trudno mie\u0107 zaufanie. A przecie\u017c nie o to ci chodzi, prawda?<\/p>\n<h2><span class=\"ez-toc-section\" id=\"telefon-do-bylego-pracodawcy\"><\/span><b>Telefon do by\u0142ego pracodawcy<\/b><span class=\"ez-toc-section-end\"><\/span><\/h2>\n<p>Wsp\u00f3\u0142cze\u015bnie pracodawcy du\u017c\u0105 rol\u0119 przyk\u0142adaj\u0105 do referencji. Pracodawcy wystawiaj\u0105 takie nie zawsze pisemnie \u2013 czasem zgadzaj\u0105 si\u0119 porozmawia\u0107 z potencjalnym pracodawc\u0105 swojego by\u0142ego podw\u0142adnego telefonicznie. Czy jeste\u015b przygotowany na tak\u0105 ewentualno\u015b\u0107? A je\u017celi potencjalny pracodawca sam zdecyduje si\u0119 skontaktowa\u0107 z twoim by\u0142ym? W\u00f3wczas r\u00f3wnie\u017c wszelkie nie\u015bcis\u0142o\u015bci wyjd\u0105 na jaw.<\/p>\n<p>Telefon do pracodawcy to jednak nie wszystko. Osoba, kt\u00f3ra zamierza ci\u0119 zatrudni\u0107, mo\u017ce r\u00f3wnie\u017c sprawdzi\u0107, czy faktycznie w danym okresie by\u0142e\u015b zatrudniony jako osoba bezrobotna, czy \u015bwiadectwa pracy, kt\u00f3re przedstawi\u0142e\u015b nie s\u0105 sfa\u0142szowane. Wszystko to sprawia, \u017ce powiniene\u015b wystrzega\u0107 si\u0119 ubarwiania swojego CV \u2013 postaw na szczero\u015b\u0107, bo w przeciwnym razie musisz liczy\u0107 si\u0119 z powa\u017cnymi problemami.<\/p>\n<h2><span class=\"ez-toc-section\" id=\"problemy-rowniez-po-zatrudnieniu\"><\/span><b>Problemy r\u00f3wnie\u017c po zatrudnieniu<\/b><span class=\"ez-toc-section-end\"><\/span><\/h2>\n<p>Za\u0142\u00f3\u017cmy, \u017ce podkoloryzowa\u0142e\u015b swoje CV, a pracodawca tego nie odkry\u0142 podczas rozmowy kwalifikacyjnej. Czy to oznacza, \u017ce teraz mo\u017cesz ju\u017c spa\u0107 spokojnie? Niekoniecznie \u2013 wiele zale\u017cy od tego, na jakim stanowisku wykonujesz prac\u0119. Je\u017celi zosta\u0142e\u015b zatrudniony na stanowisko handlowca, to brak efekt\u00f3w, czyli zam\u00f3wie\u0144 na towary lub us\u0142ugi, b\u0119dzie wyra\u017anym sygna\u0142em dla pracodawcy, \u017ce co\u015b jest nie tak. Inny przyk\u0142ad \u2013 masz obs\u0142ugiwa\u0107 klient\u00f3w w j\u0119zyku angielskim, ale przeceni\u0142e\u015b swoje umiej\u0119tno\u015bci. To bardzo szybko wyjdzie na jaw, a ty b\u0119dziesz niekorzystnie wygl\u0105da\u0142 w oczach pracodawcy.<\/p>\n<p>Je\u017celi sk\u0142ama\u0142e\u015b w dokumentach aplikacyjnych, a pracodawca zatrudniaj\u0105c ci\u0119, my\u015bla\u0142, \u017ce masz niezb\u0119dne umiej\u0119tno\u015bci, aby wykonywa\u0107 prac\u0119 na danym stanowisku, pami\u0119taj, \u017ce mo\u017cesz zosta\u0107 zwolniony. W tej sytuacji nie licz jednak na rozwi\u0105zanie umowy za porozumieniem stron \u2013 spodziewaj si\u0119 zwolnienia dyscyplinarnego. Otrzymanie takiego mo\u017ce ci zamkn\u0105\u0107 drog\u0119 w bran\u017cy i znacznie utrudni\u0107 znalezienie jakiejkolwiek pracy.<\/p>\n","protected":false},"excerpt":{"rendered":"<p>CV i list motywacyjny mo\u017cna uzna\u0107 za nasze wizyt\u00f3wki. Dokumenty te wysy\u0142amy w\u00f3wczas, gdy aplikujemy na wybrane stanowisko. Jako osoba poszukuj\u0105ca zatrudnienia, z pewno\u015bci\u0105 wiesz, \u017ce to zadanie jest prawdziwym wyzwaniem. A gdyby tak podkoloryzowa\u0107 dokumenty aplikacyjne, zawy\u017caj\u0105c swoje kompetencje? Je\u017celi przysz\u0142o ci to kiedy\u015b na my\u015bl, to pami\u0119taj, \u017ce k\u0142amstwo ma kr\u00f3tkie nogi &#8211; [&hellip;]<\/p>\n","protected":false},"author":4,"featured_media":3685,"comment_status":"open","ping_status":"open","sticky":false,"template":"","format":"standard","meta":{"footnotes":""},"categories":[2],"tags":[],"class_list":["post-3684","post","type-post","status-publish","format-standard","has-post-thumbnail","hentry","category-porady"],"yoast_head":"<!-- This site is optimized with the Yoast SEO plugin v27.0 - https:\/\/yoast.com\/product\/yoast-seo-wordpress\/ -->\n<title>Czy zdarza Ci si\u0119 k\u0142ama\u0107 w CV? - Aplikuj.pl<\/title>\n<meta name=\"robots\" content=\"index, follow, max-snippet:-1, max-image-preview:large, max-video-preview:-1\" \/>\n<link rel=\"canonical\" href=\"https:\/\/www.aplikuj.pl\/cv\/czy-zdarza-ci-sie-klamac-w-cv\/\" \/>\n<meta property=\"og:locale\" content=\"pl_PL\" \/>\n<meta property=\"og:type\" content=\"article\" \/>\n<meta property=\"og:title\" content=\"Czy zdarza Ci si\u0119 k\u0142ama\u0107 w CV? - Aplikuj.pl\" \/>\n<meta property=\"og:description\" content=\"CV i list motywacyjny mo\u017cna uzna\u0107 za nasze wizyt\u00f3wki. Dokumenty te wysy\u0142amy w\u00f3wczas, gdy aplikujemy na wybrane stanowisko. Jako osoba poszukuj\u0105ca zatrudnienia, z pewno\u015bci\u0105 wiesz, \u017ce to zadanie jest prawdziwym wyzwaniem. A gdyby tak podkoloryzowa\u0107 dokumenty aplikacyjne, zawy\u017caj\u0105c swoje kompetencje? Je\u017celi przysz\u0142o ci to kiedy\u015b na my\u015bl, to pami\u0119taj, \u017ce k\u0142amstwo ma kr\u00f3tkie nogi &#8211; [&hellip;]\" \/>\n<meta property=\"og:url\" content=\"https:\/\/www.aplikuj.pl\/cv\/czy-zdarza-ci-sie-klamac-w-cv\/\" \/>\n<meta property=\"og:site_name\" content=\"Aplikuj.pl\" \/>\n<meta property=\"article:published_time\" content=\"2019-05-21T16:06:07+00:00\" \/>\n<meta property=\"article:modified_time\" content=\"2026-02-22T22:22:18+00:00\" \/>\n<meta property=\"og:image\" content=\"https:\/\/www.aplikuj.pl\/cv\/wp-content\/uploads\/2019\/05\/Czy-zdarza-Ci-si\u0119-k\u0142ama\u0107-w-CV.jpeg\" \/>\n\t<meta property=\"og:image:width\" content=\"2560\" \/>\n\t<meta property=\"og:image:height\" content=\"1806\" \/>\n\t<meta property=\"og:image:type\" content=\"image\/jpeg\" \/>\n<meta name=\"author\" content=\"Pawe\u0142 Strykowski\" \/>\n<meta name=\"twitter:card\" content=\"summary_large_image\" \/>\n<meta name=\"twitter:label1\" content=\"Napisane przez\" \/>\n\t<meta name=\"twitter:data1\" content=\"Pawe\u0142 Strykowski\" \/>\n\t<meta name=\"twitter:label2\" content=\"Szacowany czas czytania\" \/>\n\t<meta name=\"twitter:data2\" content=\"3 minuty\" \/>\n<script type=\"application\/ld+json\" class=\"yoast-schema-graph\">{\"@context\":\"https:\/\/schema.org\",\"@graph\":[{\"@type\":\"Article\",\"@id\":\"https:\/\/www.aplikuj.pl\/cv\/czy-zdarza-ci-sie-klamac-w-cv\/#article\",\"isPartOf\":{\"@id\":\"https:\/\/www.aplikuj.pl\/cv\/czy-zdarza-ci-sie-klamac-w-cv\/\"},\"author\":{\"name\":\"Pawe\u0142 Strykowski\",\"@id\":\"https:\/\/www.aplikuj.pl\/cv\/#\/schema\/person\/82a8c19a69e6904c580105126d7d0ad0\"},\"headline\":\"Czy zdarza Ci si\u0119 k\u0142ama\u0107 w CV?\",\"datePublished\":\"2019-05-21T16:06:07+00:00\",\"dateModified\":\"2026-02-22T22:22:18+00:00\",\"mainEntityOfPage\":{\"@id\":\"https:\/\/www.aplikuj.pl\/cv\/czy-zdarza-ci-sie-klamac-w-cv\/\"},\"wordCount\":546,\"commentCount\":0,\"publisher\":{\"@id\":\"https:\/\/www.aplikuj.pl\/cv\/#organization\"},\"image\":{\"@id\":\"https:\/\/www.aplikuj.pl\/cv\/czy-zdarza-ci-sie-klamac-w-cv\/#primaryimage\"},\"thumbnailUrl\":\"https:\/\/www.aplikuj.pl\/cv\/wp-content\/uploads\/2019\/05\/Czy-zdarza-Ci-si\u0119-k\u0142ama\u0107-w-CV.jpeg\",\"articleSection\":[\"Porady\"],\"inLanguage\":\"pl-PL\"},{\"@type\":\"WebPage\",\"@id\":\"https:\/\/www.aplikuj.pl\/cv\/czy-zdarza-ci-sie-klamac-w-cv\/\",\"url\":\"https:\/\/www.aplikuj.pl\/cv\/czy-zdarza-ci-sie-klamac-w-cv\/\",\"name\":\"Czy zdarza Ci si\u0119 k\u0142ama\u0107 w CV? - Aplikuj.pl\",\"isPartOf\":{\"@id\":\"https:\/\/www.aplikuj.pl\/cv\/#website\"},\"primaryImageOfPage\":{\"@id\":\"https:\/\/www.aplikuj.pl\/cv\/czy-zdarza-ci-sie-klamac-w-cv\/#primaryimage\"},\"image\":{\"@id\":\"https:\/\/www.aplikuj.pl\/cv\/czy-zdarza-ci-sie-klamac-w-cv\/#primaryimage\"},\"thumbnailUrl\":\"https:\/\/www.aplikuj.pl\/cv\/wp-content\/uploads\/2019\/05\/Czy-zdarza-Ci-si\u0119-k\u0142ama\u0107-w-CV.jpeg\",\"datePublished\":\"2019-05-21T16:06:07+00:00\",\"dateModified\":\"2026-02-22T22:22:18+00:00\",\"breadcrumb\":{\"@id\":\"https:\/\/www.aplikuj.pl\/cv\/czy-zdarza-ci-sie-klamac-w-cv\/#breadcrumb\"},\"inLanguage\":\"pl-PL\",\"potentialAction\":[{\"@type\":\"ReadAction\",\"target\":[\"https:\/\/www.aplikuj.pl\/cv\/czy-zdarza-ci-sie-klamac-w-cv\/\"]}]},{\"@type\":\"ImageObject\",\"inLanguage\":\"pl-PL\",\"@id\":\"https:\/\/www.aplikuj.pl\/cv\/czy-zdarza-ci-sie-klamac-w-cv\/#primaryimage\",\"url\":\"https:\/\/www.aplikuj.pl\/cv\/wp-content\/uploads\/2019\/05\/Czy-zdarza-Ci-si\u0119-k\u0142ama\u0107-w-CV.jpeg\",\"contentUrl\":\"https:\/\/www.aplikuj.pl\/cv\/wp-content\/uploads\/2019\/05\/Czy-zdarza-Ci-si\u0119-k\u0142ama\u0107-w-CV.jpeg\",\"width\":2560,\"height\":1806,\"caption\":\"Czy zdarza Ci si\u0119 k\u0142ama\u0107 w CV\"},{\"@type\":\"BreadcrumbList\",\"@id\":\"https:\/\/www.aplikuj.pl\/cv\/czy-zdarza-ci-sie-klamac-w-cv\/#breadcrumb\",\"itemListElement\":[{\"@type\":\"ListItem\",\"position\":1,\"name\":\"Kreator CV\",\"item\":\"https:\/\/www.aplikuj.pl\/cv\/\"},{\"@type\":\"ListItem\",\"position\":2,\"name\":\"Porady\",\"item\":\"https:\/\/www.aplikuj.pl\/cv\/porady\/\"},{\"@type\":\"ListItem\",\"position\":3,\"name\":\"Czy zdarza Ci si\u0119 k\u0142ama\u0107 w CV?\"}]},{\"@type\":\"WebSite\",\"@id\":\"https:\/\/www.aplikuj.pl\/cv\/#website\",\"url\":\"https:\/\/www.aplikuj.pl\/cv\/\",\"name\":\"Aplikuj.pl\",\"description\":\"Profesjonalne i darmowe wzory CV, list\u00f3w motywacyjnych i poda\u0144 o prac\u0119\",\"publisher\":{\"@id\":\"https:\/\/www.aplikuj.pl\/cv\/#organization\"},\"potentialAction\":[{\"@type\":\"SearchAction\",\"target\":{\"@type\":\"EntryPoint\",\"urlTemplate\":\"https:\/\/www.aplikuj.pl\/cv\/?s={search_term_string}\"},\"query-input\":{\"@type\":\"PropertyValueSpecification\",\"valueRequired\":true,\"valueName\":\"search_term_string\"}}],\"inLanguage\":\"pl-PL\"},{\"@type\":\"Organization\",\"@id\":\"https:\/\/www.aplikuj.pl\/cv\/#organization\",\"name\":\"Aplikuj.pl\",\"url\":\"https:\/\/www.aplikuj.pl\/cv\/\",\"logo\":{\"@type\":\"ImageObject\",\"inLanguage\":\"pl-PL\",\"@id\":\"https:\/\/www.aplikuj.pl\/cv\/#\/schema\/logo\/image\/\",\"url\":\"https:\/\/www.aplikuj.pl\/cv\/wp-content\/uploads\/2019\/04\/cv-wzory-aplikuj.jpg\",\"contentUrl\":\"https:\/\/www.aplikuj.pl\/cv\/wp-content\/uploads\/2019\/04\/cv-wzory-aplikuj.jpg\",\"width\":180,\"height\":180,\"caption\":\"Aplikuj.pl\"},\"image\":{\"@id\":\"https:\/\/www.aplikuj.pl\/cv\/#\/schema\/logo\/image\/\"}},{\"@type\":\"Person\",\"@id\":\"https:\/\/www.aplikuj.pl\/cv\/#\/schema\/person\/82a8c19a69e6904c580105126d7d0ad0\",\"name\":\"Pawe\u0142 Strykowski\",\"image\":{\"@type\":\"ImageObject\",\"inLanguage\":\"pl-PL\",\"@id\":\"https:\/\/www.aplikuj.pl\/cv\/#\/schema\/person\/image\/\",\"url\":\"https:\/\/secure.gravatar.com\/avatar\/6aad4537f1280fe8a7bfe3291c7c15d99fae25b9f8bc1cdb797bd9ca20b2c157?s=96&d=mm&r=g\",\"contentUrl\":\"https:\/\/secure.gravatar.com\/avatar\/6aad4537f1280fe8a7bfe3291c7c15d99fae25b9f8bc1cdb797bd9ca20b2c157?s=96&d=mm&r=g\",\"caption\":\"Pawe\u0142 Strykowski\"},\"sameAs\":[\"https:\/\/aplikuj.pl\"]}]}<\/script>\n<!-- \/ Yoast SEO plugin. -->","yoast_head_json":{"title":"Czy zdarza Ci si\u0119 k\u0142ama\u0107 w CV? - Aplikuj.pl","robots":{"index":"index","follow":"follow","max-snippet":"max-snippet:-1","max-image-preview":"max-image-preview:large","max-video-preview":"max-video-preview:-1"},"canonical":"https:\/\/www.aplikuj.pl\/cv\/czy-zdarza-ci-sie-klamac-w-cv\/","og_locale":"pl_PL","og_type":"article","og_title":"Czy zdarza Ci si\u0119 k\u0142ama\u0107 w CV? - Aplikuj.pl","og_description":"CV i list motywacyjny mo\u017cna uzna\u0107 za nasze wizyt\u00f3wki. Dokumenty te wysy\u0142amy w\u00f3wczas, gdy aplikujemy na wybrane stanowisko. Jako osoba poszukuj\u0105ca zatrudnienia, z pewno\u015bci\u0105 wiesz, \u017ce to zadanie jest prawdziwym wyzwaniem. A gdyby tak podkoloryzowa\u0107 dokumenty aplikacyjne, zawy\u017caj\u0105c swoje kompetencje? Je\u017celi przysz\u0142o ci to kiedy\u015b na my\u015bl, to pami\u0119taj, \u017ce k\u0142amstwo ma kr\u00f3tkie nogi &#8211; [&hellip;]","og_url":"https:\/\/www.aplikuj.pl\/cv\/czy-zdarza-ci-sie-klamac-w-cv\/","og_site_name":"Aplikuj.pl","article_published_time":"2019-05-21T16:06:07+00:00","article_modified_time":"2026-02-22T22:22:18+00:00","og_image":[{"width":2560,"height":1806,"url":"https:\/\/www.aplikuj.pl\/cv\/wp-content\/uploads\/2019\/05\/Czy-zdarza-Ci-si\u0119-k\u0142ama\u0107-w-CV.jpeg","type":"image\/jpeg"}],"author":"Pawe\u0142 Strykowski","twitter_card":"summary_large_image","twitter_misc":{"Napisane przez":"Pawe\u0142 Strykowski","Szacowany czas czytania":"3 minuty"},"schema":{"@context":"https:\/\/schema.org","@graph":[{"@type":"Article","@id":"https:\/\/www.aplikuj.pl\/cv\/czy-zdarza-ci-sie-klamac-w-cv\/#article","isPartOf":{"@id":"https:\/\/www.aplikuj.pl\/cv\/czy-zdarza-ci-sie-klamac-w-cv\/"},"author":{"name":"Pawe\u0142 Strykowski","@id":"https:\/\/www.aplikuj.pl\/cv\/#\/schema\/person\/82a8c19a69e6904c580105126d7d0ad0"},"headline":"Czy zdarza Ci si\u0119 k\u0142ama\u0107 w CV?","datePublished":"2019-05-21T16:06:07+00:00","dateModified":"2026-02-22T22:22:18+00:00","mainEntityOfPage":{"@id":"https:\/\/www.aplikuj.pl\/cv\/czy-zdarza-ci-sie-klamac-w-cv\/"},"wordCount":546,"commentCount":0,"publisher":{"@id":"https:\/\/www.aplikuj.pl\/cv\/#organization"},"image":{"@id":"https:\/\/www.aplikuj.pl\/cv\/czy-zdarza-ci-sie-klamac-w-cv\/#primaryimage"},"thumbnailUrl":"https:\/\/www.aplikuj.pl\/cv\/wp-content\/uploads\/2019\/05\/Czy-zdarza-Ci-si\u0119-k\u0142ama\u0107-w-CV.jpeg","articleSection":["Porady"],"inLanguage":"pl-PL"},{"@type":"WebPage","@id":"https:\/\/www.aplikuj.pl\/cv\/czy-zdarza-ci-sie-klamac-w-cv\/","url":"https:\/\/www.aplikuj.pl\/cv\/czy-zdarza-ci-sie-klamac-w-cv\/","name":"Czy zdarza Ci si\u0119 k\u0142ama\u0107 w CV? - Aplikuj.pl","isPartOf":{"@id":"https:\/\/www.aplikuj.pl\/cv\/#website"},"primaryImageOfPage":{"@id":"https:\/\/www.aplikuj.pl\/cv\/czy-zdarza-ci-sie-klamac-w-cv\/#primaryimage"},"image":{"@id":"https:\/\/www.aplikuj.pl\/cv\/czy-zdarza-ci-sie-klamac-w-cv\/#primaryimage"},"thumbnailUrl":"https:\/\/www.aplikuj.pl\/cv\/wp-content\/uploads\/2019\/05\/Czy-zdarza-Ci-si\u0119-k\u0142ama\u0107-w-CV.jpeg","datePublished":"2019-05-21T16:06:07+00:00","dateModified":"2026-02-22T22:22:18+00:00","breadcrumb":{"@id":"https:\/\/www.aplikuj.pl\/cv\/czy-zdarza-ci-sie-klamac-w-cv\/#breadcrumb"},"inLanguage":"pl-PL","potentialAction":[{"@type":"ReadAction","target":["https:\/\/www.aplikuj.pl\/cv\/czy-zdarza-ci-sie-klamac-w-cv\/"]}]},{"@type":"ImageObject","inLanguage":"pl-PL","@id":"https:\/\/www.aplikuj.pl\/cv\/czy-zdarza-ci-sie-klamac-w-cv\/#primaryimage","url":"https:\/\/www.aplikuj.pl\/cv\/wp-content\/uploads\/2019\/05\/Czy-zdarza-Ci-si\u0119-k\u0142ama\u0107-w-CV.jpeg","contentUrl":"https:\/\/www.aplikuj.pl\/cv\/wp-content\/uploads\/2019\/05\/Czy-zdarza-Ci-si\u0119-k\u0142ama\u0107-w-CV.jpeg","width":2560,"height":1806,"caption":"Czy zdarza Ci si\u0119 k\u0142ama\u0107 w CV"},{"@type":"BreadcrumbList","@id":"https:\/\/www.aplikuj.pl\/cv\/czy-zdarza-ci-sie-klamac-w-cv\/#breadcrumb","itemListElement":[{"@type":"ListItem","position":1,"name":"Kreator CV","item":"https:\/\/www.aplikuj.pl\/cv\/"},{"@type":"ListItem","position":2,"name":"Porady","item":"https:\/\/www.aplikuj.pl\/cv\/porady\/"},{"@type":"ListItem","position":3,"name":"Czy zdarza Ci si\u0119 k\u0142ama\u0107 w CV?"}]},{"@type":"WebSite","@id":"https:\/\/www.aplikuj.pl\/cv\/#website","url":"https:\/\/www.aplikuj.pl\/cv\/","name":"Aplikuj.pl","description":"Profesjonalne i darmowe wzory CV, list\u00f3w motywacyjnych i poda\u0144 o prac\u0119","publisher":{"@id":"https:\/\/www.aplikuj.pl\/cv\/#organization"},"potentialAction":[{"@type":"SearchAction","target":{"@type":"EntryPoint","urlTemplate":"https:\/\/www.aplikuj.pl\/cv\/?s={search_term_string}"},"query-input":{"@type":"PropertyValueSpecification","valueRequired":true,"valueName":"search_term_string"}}],"inLanguage":"pl-PL"},{"@type":"Organization","@id":"https:\/\/www.aplikuj.pl\/cv\/#organization","name":"Aplikuj.pl","url":"https:\/\/www.aplikuj.pl\/cv\/","logo":{"@type":"ImageObject","inLanguage":"pl-PL","@id":"https:\/\/www.aplikuj.pl\/cv\/#\/schema\/logo\/image\/","url":"https:\/\/www.aplikuj.pl\/cv\/wp-content\/uploads\/2019\/04\/cv-wzory-aplikuj.jpg","contentUrl":"https:\/\/www.aplikuj.pl\/cv\/wp-content\/uploads\/2019\/04\/cv-wzory-aplikuj.jpg","width":180,"height":180,"caption":"Aplikuj.pl"},"image":{"@id":"https:\/\/www.aplikuj.pl\/cv\/#\/schema\/logo\/image\/"}},{"@type":"Person","@id":"https:\/\/www.aplikuj.pl\/cv\/#\/schema\/person\/82a8c19a69e6904c580105126d7d0ad0","name":"Pawe\u0142 Strykowski","image":{"@type":"ImageObject","inLanguage":"pl-PL","@id":"https:\/\/www.aplikuj.pl\/cv\/#\/schema\/person\/image\/","url":"https:\/\/secure.gravatar.com\/avatar\/6aad4537f1280fe8a7bfe3291c7c15d99fae25b9f8bc1cdb797bd9ca20b2c157?s=96&d=mm&r=g","contentUrl":"https:\/\/secure.gravatar.com\/avatar\/6aad4537f1280fe8a7bfe3291c7c15d99fae25b9f8bc1cdb797bd9ca20b2c157?s=96&d=mm&r=g","caption":"Pawe\u0142 Strykowski"},"sameAs":["https:\/\/aplikuj.pl"]}]}},"_links":{"self":[{"href":"https:\/\/www.aplikuj.pl\/cv\/wp-json\/wp\/v2\/posts\/3684","targetHints":{"allow":["GET"]}}],"collection":[{"href":"https:\/\/www.aplikuj.pl\/cv\/wp-json\/wp\/v2\/posts"}],"about":[{"href":"https:\/\/www.aplikuj.pl\/cv\/wp-json\/wp\/v2\/types\/post"}],"author":[{"embeddable":true,"href":"https:\/\/www.aplikuj.pl\/cv\/wp-json\/wp\/v2\/users\/4"}],"replies":[{"embeddable":true,"href":"https:\/\/www.aplikuj.pl\/cv\/wp-json\/wp\/v2\/comments?post=3684"}],"version-history":[{"count":1,"href":"https:\/\/www.aplikuj.pl\/cv\/wp-json\/wp\/v2\/posts\/3684\/revisions"}],"predecessor-version":[{"id":3686,"href":"https:\/\/www.aplikuj.pl\/cv\/wp-json\/wp\/v2\/posts\/3684\/revisions\/3686"}],"wp:featuredmedia":[{"embeddable":true,"href":"https:\/\/www.aplikuj.pl\/cv\/wp-json\/wp\/v2\/media\/3685"}],"wp:attachment":[{"href":"https:\/\/www.aplikuj.pl\/cv\/wp-json\/wp\/v2\/media?parent=3684"}],"wp:term":[{"taxonomy":"category","embeddable":true,"href":"https:\/\/www.aplikuj.pl\/cv\/wp-json\/wp\/v2\/categories?post=3684"},{"taxonomy":"post_tag","embeddable":true,"href":"https:\/\/www.aplikuj.pl\/cv\/wp-json\/wp\/v2\/tags?post=3684"}],"curies":[{"name":"wp","href":"https:\/\/api.w.org\/{rel}","templated":true}]}}