{"id":3678,"date":"2019-05-21T17:45:07","date_gmt":"2019-05-21T15:45:07","guid":{"rendered":"https:\/\/www.aplikuj.pl\/cv\/?p=3678"},"modified":"2026-02-22T23:22:18","modified_gmt":"2026-02-22T22:22:18","slug":"klamstwa-klamstewka-w-cv-jakie-kompetencje-najczesciej-zawyzamy","status":"publish","type":"post","link":"https:\/\/www.aplikuj.pl\/cv\/klamstwa-klamstewka-w-cv-jakie-kompetencje-najczesciej-zawyzamy\/","title":{"rendered":"K\u0142amstwa, k\u0142amstewka w CV &#8211; jakie kompetencje najcz\u0119\u015bciej zawy\u017camy?"},"content":{"rendered":"<p><strong>Szukasz pracy bez sukces\u00f3w przez d\u0142ugi czas? By\u0107 mo\u017ce wpad\u0142 ci do g\u0142owy pomys\u0142, aby zawy\u017cy\u0107 swoje umiej\u0119tno\u015bci. Dlaczego, mimo \u017ce to z\u0142y pomys\u0142, cz\u0119sto zdarza nam si\u0119 sk\u0142ama\u0107 w CV?<\/strong><\/p>\n<p>Poszukiwania pracy wymagaj\u0105 dobrej organizacji. Niestety, im d\u0142u\u017cej poszukujemy zatrudnienia, tym mniejsz\u0105 mamy motywacj\u0119. To naturalne, dlatego te\u017c specjali\u015bci zalecaj\u0105 rozpocz\u0105\u0107 poszukiwania tu\u017c po utracie zatrudnienia. Odk\u0142adanie terminu przegl\u0105dania og\u0142osze\u0144 czy zaktualizowania CV nie sprawi, \u017ce szybciej znajdziesz prac\u0119.<\/p>\n<p>Je\u017celi szukasz pracy od d\u0142u\u017cszego czasu, a rezultat nie jest zadowalaj\u0105cy, mo\u017cesz zastanawia\u0107 si\u0119, czy dobrym rozwi\u0105zaniem nie b\u0119dzie podkoloryzowanie swojego CV. Bo czemu by nie? Czy rekruter rzeczywi\u015bcie zorientuje si\u0119, \u017ce j\u0119zyk angielski znasz na poziomie FCE a nie CAE? Jak si\u0119 okazuje, tak\u0105 taktyk\u0119 stosuje ca\u0142kiem spora liczba poszukuj\u0105cych zatrudnienia. Ale czy s\u0142usznie? Czy drobne k\u0142amstewka na pewno nie zostan\u0105 ujawnione podczas rozmowy kwalifikacyjnej?<\/p>\n<div id=\"ez-toc-container\" class=\"ez-toc-v2_0_80 counter-hierarchy ez-toc-counter ez-toc-grey ez-toc-container-direction\">\n<p class=\"ez-toc-title\" style=\"cursor:inherit\">Spis tre\u015bci<\/p>\n<label for=\"ez-toc-cssicon-toggle-item-69f3b64ece7c0\" class=\"ez-toc-cssicon-toggle-label\"><span class=\"\"><span class=\"eztoc-hide\" style=\"display:none;\">Toggle<\/span><span class=\"ez-toc-icon-toggle-span\"><svg style=\"fill: #999;color:#999\" xmlns=\"http:\/\/www.w3.org\/2000\/svg\" class=\"list-377408\" width=\"20px\" height=\"20px\" viewBox=\"0 0 24 24\" fill=\"none\"><path d=\"M6 6H4v2h2V6zm14 0H8v2h12V6zM4 11h2v2H4v-2zm16 0H8v2h12v-2zM4 16h2v2H4v-2zm16 0H8v2h12v-2z\" fill=\"currentColor\"><\/path><\/svg><svg style=\"fill: #999;color:#999\" class=\"arrow-unsorted-368013\" xmlns=\"http:\/\/www.w3.org\/2000\/svg\" width=\"10px\" height=\"10px\" viewBox=\"0 0 24 24\" version=\"1.2\" baseProfile=\"tiny\"><path d=\"M18.2 9.3l-6.2-6.3-6.2 6.3c-.2.2-.3.4-.3.7s.1.5.3.7c.2.2.4.3.7.3h11c.3 0 .5-.1.7-.3.2-.2.3-.5.3-.7s-.1-.5-.3-.7zM5.8 14.7l6.2 6.3 6.2-6.3c.2-.2.3-.5.3-.7s-.1-.5-.3-.7c-.2-.2-.4-.3-.7-.3h-11c-.3 0-.5.1-.7.3-.2.2-.3.5-.3.7s.1.5.3.7z\"\/><\/svg><\/span><\/span><\/label><input type=\"checkbox\"  id=\"ez-toc-cssicon-toggle-item-69f3b64ece7c0\"  aria-label=\"Prze\u0142\u0105cznik\" \/><nav><ul class='ez-toc-list ez-toc-list-level-1 ' ><li class='ez-toc-page-1 ez-toc-heading-level-2'><a class=\"ez-toc-link ez-toc-heading-1\" href=\"https:\/\/www.aplikuj.pl\/cv\/klamstwa-klamstewka-w-cv-jakie-kompetencje-najczesciej-zawyzamy\/#jezyki-%e2%80%93-tu-klamiemy-najczesciej-ale%e2%80%a6\" >J\u0119zyki \u2013 tu k\u0142amiemy najcz\u0119\u015bciej, ale\u2026<\/a><\/li><li class='ez-toc-page-1 ez-toc-heading-level-2'><a class=\"ez-toc-link ez-toc-heading-2\" href=\"https:\/\/www.aplikuj.pl\/cv\/klamstwa-klamstewka-w-cv-jakie-kompetencje-najczesciej-zawyzamy\/#lubimy-tez-podkoloryzowac-zakres-czynnosci-wykonywanych-w-poprzedniej-pracy\" >Lubimy te\u017c podkoloryzowa\u0107 zakres czynno\u015bci wykonywanych w poprzedniej pracy<\/a><\/li><li class='ez-toc-page-1 ez-toc-heading-level-2'><a class=\"ez-toc-link ez-toc-heading-3\" href=\"https:\/\/www.aplikuj.pl\/cv\/klamstwa-klamstewka-w-cv-jakie-kompetencje-najczesciej-zawyzamy\/#ubarwianie-nie-pomoze-ale-moze-zaszkodzic\" >Ubarwianie nie pomo\u017ce, ale mo\u017ce zaszkodzi\u0107<\/a><\/li><\/ul><\/nav><\/div>\n<h2><span class=\"ez-toc-section\" id=\"jezyki-%e2%80%93-tu-klamiemy-najczesciej-ale%e2%80%a6\"><\/span><b>J\u0119zyki \u2013 tu k\u0142amiemy najcz\u0119\u015bciej, ale\u2026<\/b><span class=\"ez-toc-section-end\"><\/span><\/h2>\n<p>Uczymy si\u0119 ich od pierwszych klas szko\u0142y podstawowej, ale gdy konieczne jest pos\u0142u\u017cenie si\u0119 nimi, bywa r\u00f3\u017cnie. J\u0119zyki obce, bo o nich mowa, s\u0105 nasz\u0105 pi\u0119t\u0105 Achillesa. Powod\u00f3w jest wiele. W szkole najcz\u0119\u015bciej zg\u0142\u0119biamy tajniki gramatyki, a to przedk\u0142ada si\u0119 na problemy z u\u017cywaniem j\u0119zyka obcego w praktyce. Niestety, na ten aspekt uwag\u0119 wraca zbyt ma\u0142o nauczycieli. Efekt jest niestety widoczny \u2013 wielu rekruter\u00f3w narzeka, \u017ce kandydaci nie s\u0105 w stanie poprawnie wypowiedzie\u0107 nawet kilku zda\u0144, cho\u0107 w CV zadeklarowali dobr\u0105 znajomo\u015b\u0107 j\u0119zyka.<\/p>\n<p>Czy warto podkoloryzowa\u0107 znajomo\u015b\u0107 j\u0119zyka obcego? Wsp\u00f3\u0142cze\u015bni rekruterzy s\u0105 bardzo wyczuleni na t\u0119 kwesti\u0119 i dlatego te\u017c, gdy znajomo\u015b\u0107 j\u0119zyka np. angielskiego, jest niezb\u0119dna na stanowisku, o kt\u00f3re kandydat si\u0119 ubiega, dok\u0142adnie sprawdzaj\u0105 jego umiej\u0119tno\u015bci. Je\u017celi nie chcesz straci\u0107 na wiarygodno\u015bci, to lepiej nie posuwaj si\u0119 do k\u0142amstwa. Uczysz si\u0119 dopiero j\u0119zyka obcego? Napisz o tym w CV. Rekruterzy przyznaj\u0105, \u017ce ceni\u0105 sobie szczero\u015b\u0107, a taka informacja b\u0119dzie te\u017c \u015bwiadczy\u0107 o twojej ch\u0119ci rozwoju.<\/p>\n<h2><span class=\"ez-toc-section\" id=\"lubimy-tez-podkoloryzowac-zakres-czynnosci-wykonywanych-w-poprzedniej-pracy\"><\/span><b>Lubimy te\u017c podkoloryzowa\u0107 zakres czynno\u015bci wykonywanych w poprzedniej pracy<\/b><span class=\"ez-toc-section-end\"><\/span><\/h2>\n<p>Wystarczy przeprowadzi\u0107 cho\u0107 kilka rozm\u00f3w z rekruterami, aby dowiedzie\u0107 si\u0119, \u017ce osoby poszukuj\u0105ce zatrudnienia cz\u0119sto k\u0142ami\u0105 w zakresie obowi\u0105zk\u00f3w, kt\u00f3re wykonywali dla poprzedniego pracodawcy. To powa\u017cny b\u0142\u0105d. Dlaczego? W CV kandydat powinien wskaza\u0107 nazw\u0119 firmy, w kt\u00f3rej pracowa\u0142. Efekt? Nie jest trudno zweryfikowa\u0107 informacje, kt\u00f3re zosta\u0142y podane w dokumentach aplikacyjnych.<\/p>\n<p>Gdy oka\u017ce si\u0119, \u017ce jako kandydat posun\u0105\u0142e\u015b si\u0119 do k\u0142amstwa, b\u0119dziesz od razu skre\u015blony. Twoja wiarygodno\u015b\u0107 runie, a o pracy w firmie, do kt\u00f3rej aplikowa\u0142e\u015b, mo\u017cesz jedynie pomarzy\u0107. Co wi\u0119cej, je\u017celi pracodawca \u2013 o ile b\u0119dzie mu si\u0119 chcia\u0142o \u2013 mo\u017ce przestrzec przed tob\u0105 w\u0142a\u015bcicieli firm dzia\u0142aj\u0105cych w tej samej bran\u017cy.<\/p>\n<h2><span class=\"ez-toc-section\" id=\"ubarwianie-nie-pomoze-ale-moze-zaszkodzic\"><\/span><b>Ubarwianie nie pomo\u017ce, ale mo\u017ce zaszkodzi\u0107<\/b><span class=\"ez-toc-section-end\"><\/span><\/h2>\n<p>Podkoloryzowanie CV czy listu motywacyjnego ci nie pomo\u017ce, ale mo\u017ce zaszkodzi\u0107. Dlaczego? Za\u0142\u00f3\u017cmy, \u017ce dostaniesz prac\u0119. Twoje k\u0142amstewka \u2013 pr\u0119dzej czy p\u00f3\u017aniej \u2013 zostan\u0105 odkryte. Co w\u00f3wczas? Mo\u017cesz spodziewa\u0107 si\u0119 sporych nieprzyjemno\u015bci. Co wi\u0119cej, twoja wiarygodno\u015b\u0107 spadnie do zera. Czy tego w\u0142a\u015bnie chcesz?<\/p>\n<p>Szukaj\u0105c pracy, z pewno\u015bci\u0105 zwracasz uwag\u0119 na form\u0119 zatrudnienia. Musisz wiedzie\u0107, \u017ce je\u017celi zostaniesz zatrudniony w oparciu o umow\u0119 o prac\u0119, to kodeks pracy daje pracodawcy mo\u017cliwo\u015b\u0107 rozwi\u0105zania umowy z pracownikiem w sytuacji, gdy zatrudni\u0142 go on w oparciu o nieprawdziwe informacje. To kolejny \u2013 i z pewno\u015bci\u0105 najwa\u017cniejszy \u2013 pow\u00f3d, dla kt\u00f3rego nie powiniene\u015b posuwa\u0107 si\u0119 do podkoloryzowania dokument\u00f3w aplikacyjnych.<\/p>\n","protected":false},"excerpt":{"rendered":"<p>Szukasz pracy bez sukces\u00f3w przez d\u0142ugi czas? By\u0107 mo\u017ce wpad\u0142 ci do g\u0142owy pomys\u0142, aby zawy\u017cy\u0107 swoje umiej\u0119tno\u015bci. Dlaczego, mimo \u017ce to z\u0142y pomys\u0142, cz\u0119sto zdarza nam si\u0119 sk\u0142ama\u0107 w CV? Poszukiwania pracy wymagaj\u0105 dobrej organizacji. Niestety, im d\u0142u\u017cej poszukujemy zatrudnienia, tym mniejsz\u0105 mamy motywacj\u0119. To naturalne, dlatego te\u017c specjali\u015bci zalecaj\u0105 rozpocz\u0105\u0107 poszukiwania tu\u017c po [&hellip;]<\/p>\n","protected":false},"author":4,"featured_media":3679,"comment_status":"open","ping_status":"open","sticky":false,"template":"","format":"standard","meta":{"footnotes":""},"categories":[2],"tags":[],"class_list":["post-3678","post","type-post","status-publish","format-standard","has-post-thumbnail","hentry","category-porady"],"yoast_head":"<!-- This site is optimized with the Yoast SEO plugin v27.0 - https:\/\/yoast.com\/product\/yoast-seo-wordpress\/ -->\n<title>K\u0142amstwa, k\u0142amstewka w CV - jakie kompetencje najcz\u0119\u015bciej zawy\u017camy? - Aplikuj.pl<\/title>\n<meta name=\"robots\" content=\"index, follow, max-snippet:-1, max-image-preview:large, max-video-preview:-1\" \/>\n<link rel=\"canonical\" href=\"https:\/\/www.aplikuj.pl\/cv\/klamstwa-klamstewka-w-cv-jakie-kompetencje-najczesciej-zawyzamy\/\" \/>\n<meta property=\"og:locale\" content=\"pl_PL\" \/>\n<meta property=\"og:type\" content=\"article\" \/>\n<meta property=\"og:title\" content=\"K\u0142amstwa, k\u0142amstewka w CV - jakie kompetencje najcz\u0119\u015bciej zawy\u017camy? - Aplikuj.pl\" \/>\n<meta property=\"og:description\" content=\"Szukasz pracy bez sukces\u00f3w przez d\u0142ugi czas? By\u0107 mo\u017ce wpad\u0142 ci do g\u0142owy pomys\u0142, aby zawy\u017cy\u0107 swoje umiej\u0119tno\u015bci. Dlaczego, mimo \u017ce to z\u0142y pomys\u0142, cz\u0119sto zdarza nam si\u0119 sk\u0142ama\u0107 w CV? Poszukiwania pracy wymagaj\u0105 dobrej organizacji. Niestety, im d\u0142u\u017cej poszukujemy zatrudnienia, tym mniejsz\u0105 mamy motywacj\u0119. To naturalne, dlatego te\u017c specjali\u015bci zalecaj\u0105 rozpocz\u0105\u0107 poszukiwania tu\u017c po [&hellip;]\" \/>\n<meta property=\"og:url\" content=\"https:\/\/www.aplikuj.pl\/cv\/klamstwa-klamstewka-w-cv-jakie-kompetencje-najczesciej-zawyzamy\/\" \/>\n<meta property=\"og:site_name\" content=\"Aplikuj.pl\" \/>\n<meta property=\"article:published_time\" content=\"2019-05-21T15:45:07+00:00\" \/>\n<meta property=\"article:modified_time\" content=\"2026-02-22T22:22:18+00:00\" \/>\n<meta property=\"og:image\" content=\"https:\/\/www.aplikuj.pl\/cv\/wp-content\/uploads\/2019\/05\/K\u0142amstwa-k\u0142amstewka-w-CV-jakie-kompetencje-najcz\u0119\u015bciej-zawy\u017camy.jpg\" \/>\n\t<meta property=\"og:image:width\" content=\"800\" \/>\n\t<meta property=\"og:image:height\" content=\"534\" \/>\n\t<meta property=\"og:image:type\" content=\"image\/jpeg\" \/>\n<meta name=\"author\" content=\"Pawe\u0142 Strykowski\" \/>\n<meta name=\"twitter:card\" content=\"summary_large_image\" \/>\n<meta name=\"twitter:label1\" content=\"Napisane przez\" \/>\n\t<meta name=\"twitter:data1\" content=\"Pawe\u0142 Strykowski\" \/>\n\t<meta name=\"twitter:label2\" content=\"Szacowany czas czytania\" \/>\n\t<meta name=\"twitter:data2\" content=\"3 minuty\" \/>\n<script type=\"application\/ld+json\" class=\"yoast-schema-graph\">{\"@context\":\"https:\/\/schema.org\",\"@graph\":[{\"@type\":\"Article\",\"@id\":\"https:\/\/www.aplikuj.pl\/cv\/klamstwa-klamstewka-w-cv-jakie-kompetencje-najczesciej-zawyzamy\/#article\",\"isPartOf\":{\"@id\":\"https:\/\/www.aplikuj.pl\/cv\/klamstwa-klamstewka-w-cv-jakie-kompetencje-najczesciej-zawyzamy\/\"},\"author\":{\"name\":\"Pawe\u0142 Strykowski\",\"@id\":\"https:\/\/www.aplikuj.pl\/cv\/#\/schema\/person\/82a8c19a69e6904c580105126d7d0ad0\"},\"headline\":\"K\u0142amstwa, k\u0142amstewka w CV &#8211; jakie kompetencje najcz\u0119\u015bciej zawy\u017camy?\",\"datePublished\":\"2019-05-21T15:45:07+00:00\",\"dateModified\":\"2026-02-22T22:22:18+00:00\",\"mainEntityOfPage\":{\"@id\":\"https:\/\/www.aplikuj.pl\/cv\/klamstwa-klamstewka-w-cv-jakie-kompetencje-najczesciej-zawyzamy\/\"},\"wordCount\":641,\"commentCount\":0,\"publisher\":{\"@id\":\"https:\/\/www.aplikuj.pl\/cv\/#organization\"},\"image\":{\"@id\":\"https:\/\/www.aplikuj.pl\/cv\/klamstwa-klamstewka-w-cv-jakie-kompetencje-najczesciej-zawyzamy\/#primaryimage\"},\"thumbnailUrl\":\"https:\/\/www.aplikuj.pl\/cv\/wp-content\/uploads\/2019\/05\/K\u0142amstwa-k\u0142amstewka-w-CV-jakie-kompetencje-najcz\u0119\u015bciej-zawy\u017camy.jpg\",\"articleSection\":[\"Porady\"],\"inLanguage\":\"pl-PL\"},{\"@type\":\"WebPage\",\"@id\":\"https:\/\/www.aplikuj.pl\/cv\/klamstwa-klamstewka-w-cv-jakie-kompetencje-najczesciej-zawyzamy\/\",\"url\":\"https:\/\/www.aplikuj.pl\/cv\/klamstwa-klamstewka-w-cv-jakie-kompetencje-najczesciej-zawyzamy\/\",\"name\":\"K\u0142amstwa, k\u0142amstewka w CV - jakie kompetencje najcz\u0119\u015bciej zawy\u017camy? - Aplikuj.pl\",\"isPartOf\":{\"@id\":\"https:\/\/www.aplikuj.pl\/cv\/#website\"},\"primaryImageOfPage\":{\"@id\":\"https:\/\/www.aplikuj.pl\/cv\/klamstwa-klamstewka-w-cv-jakie-kompetencje-najczesciej-zawyzamy\/#primaryimage\"},\"image\":{\"@id\":\"https:\/\/www.aplikuj.pl\/cv\/klamstwa-klamstewka-w-cv-jakie-kompetencje-najczesciej-zawyzamy\/#primaryimage\"},\"thumbnailUrl\":\"https:\/\/www.aplikuj.pl\/cv\/wp-content\/uploads\/2019\/05\/K\u0142amstwa-k\u0142amstewka-w-CV-jakie-kompetencje-najcz\u0119\u015bciej-zawy\u017camy.jpg\",\"datePublished\":\"2019-05-21T15:45:07+00:00\",\"dateModified\":\"2026-02-22T22:22:18+00:00\",\"breadcrumb\":{\"@id\":\"https:\/\/www.aplikuj.pl\/cv\/klamstwa-klamstewka-w-cv-jakie-kompetencje-najczesciej-zawyzamy\/#breadcrumb\"},\"inLanguage\":\"pl-PL\",\"potentialAction\":[{\"@type\":\"ReadAction\",\"target\":[\"https:\/\/www.aplikuj.pl\/cv\/klamstwa-klamstewka-w-cv-jakie-kompetencje-najczesciej-zawyzamy\/\"]}]},{\"@type\":\"ImageObject\",\"inLanguage\":\"pl-PL\",\"@id\":\"https:\/\/www.aplikuj.pl\/cv\/klamstwa-klamstewka-w-cv-jakie-kompetencje-najczesciej-zawyzamy\/#primaryimage\",\"url\":\"https:\/\/www.aplikuj.pl\/cv\/wp-content\/uploads\/2019\/05\/K\u0142amstwa-k\u0142amstewka-w-CV-jakie-kompetencje-najcz\u0119\u015bciej-zawy\u017camy.jpg\",\"contentUrl\":\"https:\/\/www.aplikuj.pl\/cv\/wp-content\/uploads\/2019\/05\/K\u0142amstwa-k\u0142amstewka-w-CV-jakie-kompetencje-najcz\u0119\u015bciej-zawy\u017camy.jpg\",\"width\":800,\"height\":534,\"caption\":\"K\u0142amstwa k\u0142amstewka w CV jakie kompetencje najcz\u0119\u015bciej zawy\u017camy\"},{\"@type\":\"BreadcrumbList\",\"@id\":\"https:\/\/www.aplikuj.pl\/cv\/klamstwa-klamstewka-w-cv-jakie-kompetencje-najczesciej-zawyzamy\/#breadcrumb\",\"itemListElement\":[{\"@type\":\"ListItem\",\"position\":1,\"name\":\"Kreator CV\",\"item\":\"https:\/\/www.aplikuj.pl\/cv\/\"},{\"@type\":\"ListItem\",\"position\":2,\"name\":\"Porady\",\"item\":\"https:\/\/www.aplikuj.pl\/cv\/porady\/\"},{\"@type\":\"ListItem\",\"position\":3,\"name\":\"K\u0142amstwa, k\u0142amstewka w CV &#8211; jakie kompetencje najcz\u0119\u015bciej zawy\u017camy?\"}]},{\"@type\":\"WebSite\",\"@id\":\"https:\/\/www.aplikuj.pl\/cv\/#website\",\"url\":\"https:\/\/www.aplikuj.pl\/cv\/\",\"name\":\"Aplikuj.pl\",\"description\":\"Profesjonalne i darmowe wzory CV, list\u00f3w motywacyjnych i poda\u0144 o prac\u0119\",\"publisher\":{\"@id\":\"https:\/\/www.aplikuj.pl\/cv\/#organization\"},\"potentialAction\":[{\"@type\":\"SearchAction\",\"target\":{\"@type\":\"EntryPoint\",\"urlTemplate\":\"https:\/\/www.aplikuj.pl\/cv\/?s={search_term_string}\"},\"query-input\":{\"@type\":\"PropertyValueSpecification\",\"valueRequired\":true,\"valueName\":\"search_term_string\"}}],\"inLanguage\":\"pl-PL\"},{\"@type\":\"Organization\",\"@id\":\"https:\/\/www.aplikuj.pl\/cv\/#organization\",\"name\":\"Aplikuj.pl\",\"url\":\"https:\/\/www.aplikuj.pl\/cv\/\",\"logo\":{\"@type\":\"ImageObject\",\"inLanguage\":\"pl-PL\",\"@id\":\"https:\/\/www.aplikuj.pl\/cv\/#\/schema\/logo\/image\/\",\"url\":\"https:\/\/www.aplikuj.pl\/cv\/wp-content\/uploads\/2019\/04\/cv-wzory-aplikuj.jpg\",\"contentUrl\":\"https:\/\/www.aplikuj.pl\/cv\/wp-content\/uploads\/2019\/04\/cv-wzory-aplikuj.jpg\",\"width\":180,\"height\":180,\"caption\":\"Aplikuj.pl\"},\"image\":{\"@id\":\"https:\/\/www.aplikuj.pl\/cv\/#\/schema\/logo\/image\/\"}},{\"@type\":\"Person\",\"@id\":\"https:\/\/www.aplikuj.pl\/cv\/#\/schema\/person\/82a8c19a69e6904c580105126d7d0ad0\",\"name\":\"Pawe\u0142 Strykowski\",\"image\":{\"@type\":\"ImageObject\",\"inLanguage\":\"pl-PL\",\"@id\":\"https:\/\/www.aplikuj.pl\/cv\/#\/schema\/person\/image\/\",\"url\":\"https:\/\/secure.gravatar.com\/avatar\/6aad4537f1280fe8a7bfe3291c7c15d99fae25b9f8bc1cdb797bd9ca20b2c157?s=96&d=mm&r=g\",\"contentUrl\":\"https:\/\/secure.gravatar.com\/avatar\/6aad4537f1280fe8a7bfe3291c7c15d99fae25b9f8bc1cdb797bd9ca20b2c157?s=96&d=mm&r=g\",\"caption\":\"Pawe\u0142 Strykowski\"},\"sameAs\":[\"https:\/\/aplikuj.pl\"]}]}<\/script>\n<!-- \/ Yoast SEO plugin. -->","yoast_head_json":{"title":"K\u0142amstwa, k\u0142amstewka w CV - jakie kompetencje najcz\u0119\u015bciej zawy\u017camy? - Aplikuj.pl","robots":{"index":"index","follow":"follow","max-snippet":"max-snippet:-1","max-image-preview":"max-image-preview:large","max-video-preview":"max-video-preview:-1"},"canonical":"https:\/\/www.aplikuj.pl\/cv\/klamstwa-klamstewka-w-cv-jakie-kompetencje-najczesciej-zawyzamy\/","og_locale":"pl_PL","og_type":"article","og_title":"K\u0142amstwa, k\u0142amstewka w CV - jakie kompetencje najcz\u0119\u015bciej zawy\u017camy? - Aplikuj.pl","og_description":"Szukasz pracy bez sukces\u00f3w przez d\u0142ugi czas? By\u0107 mo\u017ce wpad\u0142 ci do g\u0142owy pomys\u0142, aby zawy\u017cy\u0107 swoje umiej\u0119tno\u015bci. Dlaczego, mimo \u017ce to z\u0142y pomys\u0142, cz\u0119sto zdarza nam si\u0119 sk\u0142ama\u0107 w CV? Poszukiwania pracy wymagaj\u0105 dobrej organizacji. Niestety, im d\u0142u\u017cej poszukujemy zatrudnienia, tym mniejsz\u0105 mamy motywacj\u0119. To naturalne, dlatego te\u017c specjali\u015bci zalecaj\u0105 rozpocz\u0105\u0107 poszukiwania tu\u017c po [&hellip;]","og_url":"https:\/\/www.aplikuj.pl\/cv\/klamstwa-klamstewka-w-cv-jakie-kompetencje-najczesciej-zawyzamy\/","og_site_name":"Aplikuj.pl","article_published_time":"2019-05-21T15:45:07+00:00","article_modified_time":"2026-02-22T22:22:18+00:00","og_image":[{"width":800,"height":534,"url":"https:\/\/www.aplikuj.pl\/cv\/wp-content\/uploads\/2019\/05\/K\u0142amstwa-k\u0142amstewka-w-CV-jakie-kompetencje-najcz\u0119\u015bciej-zawy\u017camy.jpg","type":"image\/jpeg"}],"author":"Pawe\u0142 Strykowski","twitter_card":"summary_large_image","twitter_misc":{"Napisane przez":"Pawe\u0142 Strykowski","Szacowany czas czytania":"3 minuty"},"schema":{"@context":"https:\/\/schema.org","@graph":[{"@type":"Article","@id":"https:\/\/www.aplikuj.pl\/cv\/klamstwa-klamstewka-w-cv-jakie-kompetencje-najczesciej-zawyzamy\/#article","isPartOf":{"@id":"https:\/\/www.aplikuj.pl\/cv\/klamstwa-klamstewka-w-cv-jakie-kompetencje-najczesciej-zawyzamy\/"},"author":{"name":"Pawe\u0142 Strykowski","@id":"https:\/\/www.aplikuj.pl\/cv\/#\/schema\/person\/82a8c19a69e6904c580105126d7d0ad0"},"headline":"K\u0142amstwa, k\u0142amstewka w CV &#8211; jakie kompetencje najcz\u0119\u015bciej zawy\u017camy?","datePublished":"2019-05-21T15:45:07+00:00","dateModified":"2026-02-22T22:22:18+00:00","mainEntityOfPage":{"@id":"https:\/\/www.aplikuj.pl\/cv\/klamstwa-klamstewka-w-cv-jakie-kompetencje-najczesciej-zawyzamy\/"},"wordCount":641,"commentCount":0,"publisher":{"@id":"https:\/\/www.aplikuj.pl\/cv\/#organization"},"image":{"@id":"https:\/\/www.aplikuj.pl\/cv\/klamstwa-klamstewka-w-cv-jakie-kompetencje-najczesciej-zawyzamy\/#primaryimage"},"thumbnailUrl":"https:\/\/www.aplikuj.pl\/cv\/wp-content\/uploads\/2019\/05\/K\u0142amstwa-k\u0142amstewka-w-CV-jakie-kompetencje-najcz\u0119\u015bciej-zawy\u017camy.jpg","articleSection":["Porady"],"inLanguage":"pl-PL"},{"@type":"WebPage","@id":"https:\/\/www.aplikuj.pl\/cv\/klamstwa-klamstewka-w-cv-jakie-kompetencje-najczesciej-zawyzamy\/","url":"https:\/\/www.aplikuj.pl\/cv\/klamstwa-klamstewka-w-cv-jakie-kompetencje-najczesciej-zawyzamy\/","name":"K\u0142amstwa, k\u0142amstewka w CV - jakie kompetencje najcz\u0119\u015bciej zawy\u017camy? - Aplikuj.pl","isPartOf":{"@id":"https:\/\/www.aplikuj.pl\/cv\/#website"},"primaryImageOfPage":{"@id":"https:\/\/www.aplikuj.pl\/cv\/klamstwa-klamstewka-w-cv-jakie-kompetencje-najczesciej-zawyzamy\/#primaryimage"},"image":{"@id":"https:\/\/www.aplikuj.pl\/cv\/klamstwa-klamstewka-w-cv-jakie-kompetencje-najczesciej-zawyzamy\/#primaryimage"},"thumbnailUrl":"https:\/\/www.aplikuj.pl\/cv\/wp-content\/uploads\/2019\/05\/K\u0142amstwa-k\u0142amstewka-w-CV-jakie-kompetencje-najcz\u0119\u015bciej-zawy\u017camy.jpg","datePublished":"2019-05-21T15:45:07+00:00","dateModified":"2026-02-22T22:22:18+00:00","breadcrumb":{"@id":"https:\/\/www.aplikuj.pl\/cv\/klamstwa-klamstewka-w-cv-jakie-kompetencje-najczesciej-zawyzamy\/#breadcrumb"},"inLanguage":"pl-PL","potentialAction":[{"@type":"ReadAction","target":["https:\/\/www.aplikuj.pl\/cv\/klamstwa-klamstewka-w-cv-jakie-kompetencje-najczesciej-zawyzamy\/"]}]},{"@type":"ImageObject","inLanguage":"pl-PL","@id":"https:\/\/www.aplikuj.pl\/cv\/klamstwa-klamstewka-w-cv-jakie-kompetencje-najczesciej-zawyzamy\/#primaryimage","url":"https:\/\/www.aplikuj.pl\/cv\/wp-content\/uploads\/2019\/05\/K\u0142amstwa-k\u0142amstewka-w-CV-jakie-kompetencje-najcz\u0119\u015bciej-zawy\u017camy.jpg","contentUrl":"https:\/\/www.aplikuj.pl\/cv\/wp-content\/uploads\/2019\/05\/K\u0142amstwa-k\u0142amstewka-w-CV-jakie-kompetencje-najcz\u0119\u015bciej-zawy\u017camy.jpg","width":800,"height":534,"caption":"K\u0142amstwa k\u0142amstewka w CV jakie kompetencje najcz\u0119\u015bciej zawy\u017camy"},{"@type":"BreadcrumbList","@id":"https:\/\/www.aplikuj.pl\/cv\/klamstwa-klamstewka-w-cv-jakie-kompetencje-najczesciej-zawyzamy\/#breadcrumb","itemListElement":[{"@type":"ListItem","position":1,"name":"Kreator CV","item":"https:\/\/www.aplikuj.pl\/cv\/"},{"@type":"ListItem","position":2,"name":"Porady","item":"https:\/\/www.aplikuj.pl\/cv\/porady\/"},{"@type":"ListItem","position":3,"name":"K\u0142amstwa, k\u0142amstewka w CV &#8211; jakie kompetencje najcz\u0119\u015bciej zawy\u017camy?"}]},{"@type":"WebSite","@id":"https:\/\/www.aplikuj.pl\/cv\/#website","url":"https:\/\/www.aplikuj.pl\/cv\/","name":"Aplikuj.pl","description":"Profesjonalne i darmowe wzory CV, list\u00f3w motywacyjnych i poda\u0144 o prac\u0119","publisher":{"@id":"https:\/\/www.aplikuj.pl\/cv\/#organization"},"potentialAction":[{"@type":"SearchAction","target":{"@type":"EntryPoint","urlTemplate":"https:\/\/www.aplikuj.pl\/cv\/?s={search_term_string}"},"query-input":{"@type":"PropertyValueSpecification","valueRequired":true,"valueName":"search_term_string"}}],"inLanguage":"pl-PL"},{"@type":"Organization","@id":"https:\/\/www.aplikuj.pl\/cv\/#organization","name":"Aplikuj.pl","url":"https:\/\/www.aplikuj.pl\/cv\/","logo":{"@type":"ImageObject","inLanguage":"pl-PL","@id":"https:\/\/www.aplikuj.pl\/cv\/#\/schema\/logo\/image\/","url":"https:\/\/www.aplikuj.pl\/cv\/wp-content\/uploads\/2019\/04\/cv-wzory-aplikuj.jpg","contentUrl":"https:\/\/www.aplikuj.pl\/cv\/wp-content\/uploads\/2019\/04\/cv-wzory-aplikuj.jpg","width":180,"height":180,"caption":"Aplikuj.pl"},"image":{"@id":"https:\/\/www.aplikuj.pl\/cv\/#\/schema\/logo\/image\/"}},{"@type":"Person","@id":"https:\/\/www.aplikuj.pl\/cv\/#\/schema\/person\/82a8c19a69e6904c580105126d7d0ad0","name":"Pawe\u0142 Strykowski","image":{"@type":"ImageObject","inLanguage":"pl-PL","@id":"https:\/\/www.aplikuj.pl\/cv\/#\/schema\/person\/image\/","url":"https:\/\/secure.gravatar.com\/avatar\/6aad4537f1280fe8a7bfe3291c7c15d99fae25b9f8bc1cdb797bd9ca20b2c157?s=96&d=mm&r=g","contentUrl":"https:\/\/secure.gravatar.com\/avatar\/6aad4537f1280fe8a7bfe3291c7c15d99fae25b9f8bc1cdb797bd9ca20b2c157?s=96&d=mm&r=g","caption":"Pawe\u0142 Strykowski"},"sameAs":["https:\/\/aplikuj.pl"]}]}},"_links":{"self":[{"href":"https:\/\/www.aplikuj.pl\/cv\/wp-json\/wp\/v2\/posts\/3678","targetHints":{"allow":["GET"]}}],"collection":[{"href":"https:\/\/www.aplikuj.pl\/cv\/wp-json\/wp\/v2\/posts"}],"about":[{"href":"https:\/\/www.aplikuj.pl\/cv\/wp-json\/wp\/v2\/types\/post"}],"author":[{"embeddable":true,"href":"https:\/\/www.aplikuj.pl\/cv\/wp-json\/wp\/v2\/users\/4"}],"replies":[{"embeddable":true,"href":"https:\/\/www.aplikuj.pl\/cv\/wp-json\/wp\/v2\/comments?post=3678"}],"version-history":[{"count":1,"href":"https:\/\/www.aplikuj.pl\/cv\/wp-json\/wp\/v2\/posts\/3678\/revisions"}],"predecessor-version":[{"id":3680,"href":"https:\/\/www.aplikuj.pl\/cv\/wp-json\/wp\/v2\/posts\/3678\/revisions\/3680"}],"wp:featuredmedia":[{"embeddable":true,"href":"https:\/\/www.aplikuj.pl\/cv\/wp-json\/wp\/v2\/media\/3679"}],"wp:attachment":[{"href":"https:\/\/www.aplikuj.pl\/cv\/wp-json\/wp\/v2\/media?parent=3678"}],"wp:term":[{"taxonomy":"category","embeddable":true,"href":"https:\/\/www.aplikuj.pl\/cv\/wp-json\/wp\/v2\/categories?post=3678"},{"taxonomy":"post_tag","embeddable":true,"href":"https:\/\/www.aplikuj.pl\/cv\/wp-json\/wp\/v2\/tags?post=3678"}],"curies":[{"name":"wp","href":"https:\/\/api.w.org\/{rel}","templated":true}]}}