{"id":2692,"date":"2018-01-03T14:57:27","date_gmt":"2018-01-03T13:57:27","guid":{"rendered":"https:\/\/cvkreator.pl\/?p=2692"},"modified":"2026-02-22T23:22:10","modified_gmt":"2026-02-22T22:22:10","slug":"dlugie-weekendy-2018","status":"publish","type":"post","link":"https:\/\/www.aplikuj.pl\/cv\/dlugie-weekendy-2018\/","title":{"rendered":"D\u0142ugie weekendy 2018"},"content":{"rendered":"<div id=\"ez-toc-container\" class=\"ez-toc-v2_0_80 counter-hierarchy ez-toc-counter ez-toc-grey ez-toc-container-direction\">\n<p class=\"ez-toc-title\" style=\"cursor:inherit\">Spis tre\u015bci<\/p>\n<label for=\"ez-toc-cssicon-toggle-item-69f1a21c89bac\" class=\"ez-toc-cssicon-toggle-label\"><span class=\"\"><span class=\"eztoc-hide\" style=\"display:none;\">Toggle<\/span><span class=\"ez-toc-icon-toggle-span\"><svg style=\"fill: #999;color:#999\" xmlns=\"http:\/\/www.w3.org\/2000\/svg\" class=\"list-377408\" width=\"20px\" height=\"20px\" viewBox=\"0 0 24 24\" fill=\"none\"><path d=\"M6 6H4v2h2V6zm14 0H8v2h12V6zM4 11h2v2H4v-2zm16 0H8v2h12v-2zM4 16h2v2H4v-2zm16 0H8v2h12v-2z\" fill=\"currentColor\"><\/path><\/svg><svg style=\"fill: #999;color:#999\" class=\"arrow-unsorted-368013\" xmlns=\"http:\/\/www.w3.org\/2000\/svg\" width=\"10px\" height=\"10px\" viewBox=\"0 0 24 24\" version=\"1.2\" baseProfile=\"tiny\"><path d=\"M18.2 9.3l-6.2-6.3-6.2 6.3c-.2.2-.3.4-.3.7s.1.5.3.7c.2.2.4.3.7.3h11c.3 0 .5-.1.7-.3.2-.2.3-.5.3-.7s-.1-.5-.3-.7zM5.8 14.7l6.2 6.3 6.2-6.3c.2-.2.3-.5.3-.7s-.1-.5-.3-.7c-.2-.2-.4-.3-.7-.3h-11c-.3 0-.5.1-.7.3-.2.2-.3.5-.3.7s.1.5.3.7z\"\/><\/svg><\/span><\/span><\/label><input type=\"checkbox\"  id=\"ez-toc-cssicon-toggle-item-69f1a21c89bac\"  aria-label=\"Prze\u0142\u0105cznik\" \/><nav><ul class='ez-toc-list ez-toc-list-level-1 ' ><li class='ez-toc-page-1 ez-toc-heading-level-2'><a class=\"ez-toc-link ez-toc-heading-1\" href=\"https:\/\/www.aplikuj.pl\/cv\/dlugie-weekendy-2018\/#jak-zaplanowac-urlop-w-2018-roku\" >Jak zaplanowa\u0107 urlop w 2018 roku?<\/a><\/li><li class='ez-toc-page-1 ez-toc-heading-level-2'><a class=\"ez-toc-link ez-toc-heading-2\" href=\"https:\/\/www.aplikuj.pl\/cv\/dlugie-weekendy-2018\/#dlugie-weekendy-w-2018-roku\" >D\u0142ugie weekendy w 2018 roku:<\/a><\/li><li class='ez-toc-page-1 ez-toc-heading-level-2'><a class=\"ez-toc-link ez-toc-heading-3\" href=\"https:\/\/www.aplikuj.pl\/cv\/dlugie-weekendy-2018\/#dni-ustawowo-wolne-od-pracy-w-2018-r\" >Dni ustawowo wolne od pracy w 2018 r.<\/a><\/li><\/ul><\/nav><\/div>\n<h2><span class=\"ez-toc-section\" id=\"jak-zaplanowac-urlop-w-2018-roku\"><\/span>Jak zaplanowa\u0107 urlop w 2018 roku?<span class=\"ez-toc-section-end\"><\/span><\/h2>\n<p>Wybieraj\u0105c dogodny termin urlopu, najcz\u0119\u015bciej musimy kierowa\u0107 si\u0119 mo\u017cliwo\u015bci\u0105 skorzystania z d\u0142u\u017cszej przerwy w pracy, dyktowan\u0105 specyfik\u0105 bran\u017cy. Jako pracownik sezonowej gastronomii nie wybierzesz urlopu w miesi\u0105cach letnich, pracownicy budowlani r\u00f3wnie\u017c b\u0119d\u0105 musieli od\u0142o\u017cy\u0107 urlop na czas przestoju w pracy. Z kolei wykonuj\u0105c zaw\u00f3d nauczyciela, do dyspozycji masz okres wakacji, a pracuj\u0105c w fabryce, dostosujesz si\u0119 z pewno\u015bci\u0105 do przerwy w zak\u0142adzie. Je\u017celi masz mo\u017cliwo\u015b\u0107 wyboru terminu urlopu, nie koliduj\u0105cego z wi\u0119kszym ruchem w biznesie, warto skorzysta\u0107 z termin\u00f3w, kiedy przy mniejszej ilo\u015bci dni urlopowych, zyskasz d\u0142u\u017cszy wypoczynek dzi\u0119ki dniom ustawowo wolnym. Warto skorzysta\u0107 z d\u0142ugich weekend\u00f3w, aby wyruszy\u0107 na kr\u00f3tki wypoczynek.<\/p>\n<h2><span class=\"ez-toc-section\" id=\"dlugie-weekendy-w-2018-roku\"><\/span>D\u0142ugie weekendy w 2018 roku:<span class=\"ez-toc-section-end\"><\/span><\/h2>\n<p>Rok 2018 rozpoczyna si\u0119 w poniedzia\u0142ek, a to oznacza, \u017ce aby cieszy\u0107 si\u0119 d\u0142u\u017cszym wypoczynkiem, nale\u017ca\u0142o skorzysta\u0107 z urlopu od 27 grudnia roku 2017. Wybieraj\u0105c trzy dni urlopu, mo\u017cna by\u0142o cieszy\u0107 si\u0119 wolnymi chwilami od 23 grudnia 2017, a\u017c do Nowego Roku.<\/p>\n<p>\u015awi\u0119to Trzech Kr\u00f3li, przypadaj\u0105ce w sobot\u0119 nie stworzy\u0142o okazji do d\u0142u\u017cszego wypoczynku.<\/p>\n<p>Nast\u0119pnym, przed\u0142u\u017conym weekendem jest okres \u015awi\u0105t Wielkanocnych, kt\u00f3rych Niedziela Wielkanocna przypada 1 kwietnia, wolny jest r\u00f3wnie\u017c drugi dzie\u0144 \u015awi\u0105t, poniedzia\u0142ek 2 kwietnia.<\/p>\n<p>Tegoroczna maj\u00f3wka to d\u0142ugi weekend, kt\u00f3ry mo\u017cna nazwa\u0107 ma\u0142ym urlopem. Dzi\u0119ki temu, \u017ce 1 maj wypada we wtorek, bior\u0105c wolny dzie\u0144 30 kwietnia (poniedzia\u0142ek) oraz 2 maja (\u015brod\u0119), mo\u017cemy wypoczywa\u0107 ju\u017c od soboty, 28 kwietnia czyli a\u017c sze\u015b\u0107 dni. Je\u017celi do\u0142o\u017cymy jeszcze urlop na pi\u0105tek, 4 maja, wypoczywamy przez dziewi\u0119\u0107 dni, wykorzystuj\u0105c trzy dni urlopu. Oby pogoda dopisa\u0142a.<\/p>\n<p>\u015awi\u0119to Bo\u017cego Cia\u0142a przypada ju\u017c 31 maja. Rezerwuj\u0105c urlop na pi\u0105tek 1 czerwca, mamy kolejny d\u0142ugi weekend.<\/p>\n<p>\u015awi\u0119to Wniebowzi\u0119cia Naj\u015bwi\u0119tszej Maryi Panny oraz Wojska Polskiego jednocze\u015bnie, czyli 15 sierpnia, jest ostatnim, letnim okresem d\u0142u\u017cszego wypoczynku przy niewielkiej stracie dni urlopowych. Bior\u0105c dwa dni urlopu, 13 i 14 sierpnia, wypoczniemy przez pi\u0119\u0107 dni.<\/p>\n<p>Dzi\u0119ki temu, \u017ce 1 listopada, Wszystkich \u015awi\u0119tych wypada tego roku w czwartek, mo\u017cna zarezerwowa\u0107 urlop na pi\u0105tkowe zaduszki i spokojnie odwiedzi\u0107 groby bliskich, maj\u0105c a\u017c cztery dni na podr\u00f3\u017c.<\/p>\n<p>Wigilia Bo\u017cego Narodzenia b\u0119dzie przypada\u0142a w poniedzia\u0142ek, dzi\u0119ki temu wykorzystuj\u0105c urlop tego dnia, mo\u017cemy \u015bwi\u0119towa\u0107 od soboty 22 grudnia, a\u017c do \u015aw. Szczepana, czyli przez pi\u0119\u0107 dni.<\/p>\n<p>Rok zako\u0144czymy pocz\u0105tkiem tygodnia, poniedzia\u0142kiem \u2013 je\u017celi mamy wolne, mo\u017cemy zrobi\u0107 sobie sylwestrowy weekend ju\u017c od soboty, \u015bwi\u0119tuj\u0105c a\u017c do wtorku.<\/p>\n<h2><span class=\"ez-toc-section\" id=\"dni-ustawowo-wolne-od-pracy-w-2018-r\"><\/span>Dni ustawowo wolne od pracy w 2018 r.<span class=\"ez-toc-section-end\"><\/span><\/h2>\n<ul>\n<li>1 stycznia \u2013 Nowy Rok,<\/li>\n<li>6 stycznia \u2013 \u015bwi\u0119to Trzech Kr\u00f3li,<\/li>\n<li>2 kwietnia \u2013 Poniedzia\u0142ek Wielkanocny,<\/li>\n<li>1 maj \u2013 \u015bwi\u0119to Pracy,<\/li>\n<li>3 maj \u2013 \u015bwi\u0119to Konstytucji 3 maja, Kr\u00f3lowej Polski,<\/li>\n<li>31 maj \u2013 Bo\u017ce Cia\u0142o,<\/li>\n<li>15 sierpie\u0144 \u2013 Wniebowzi\u0119cie Naj\u015bwi\u0119tszej Maryi Panny, \u015bwi\u0119to Wojska Polskiego,<\/li>\n<li>1 listopad \u2013 Wszystkich \u015awi\u0119tych,<\/li>\n<li>25, 26 grudnia \u2013 Bo\u017ce Narodzenie, \u015bw. Szczepana.<\/li>\n<\/ul>\n","protected":false},"excerpt":{"rendered":"<p>Jak zaplanowa\u0107 urlop w 2018 roku? Wybieraj\u0105c dogodny termin urlopu, najcz\u0119\u015bciej musimy kierowa\u0107 si\u0119 mo\u017cliwo\u015bci\u0105 skorzystania z d\u0142u\u017cszej przerwy w pracy, dyktowan\u0105 specyfik\u0105 bran\u017cy. Jako pracownik sezonowej gastronomii nie wybierzesz urlopu w miesi\u0105cach letnich, pracownicy budowlani r\u00f3wnie\u017c b\u0119d\u0105 musieli od\u0142o\u017cy\u0107 urlop na czas przestoju w pracy. Z kolei wykonuj\u0105c zaw\u00f3d nauczyciela, do dyspozycji masz okres [&hellip;]<\/p>\n","protected":false},"author":1,"featured_media":3102,"comment_status":"closed","ping_status":"closed","sticky":false,"template":"","format":"standard","meta":{"footnotes":""},"categories":[2],"tags":[],"class_list":["post-2692","post","type-post","status-publish","format-standard","has-post-thumbnail","hentry","category-porady"],"yoast_head":"<!-- This site is optimized with the Yoast SEO plugin v27.0 - https:\/\/yoast.com\/product\/yoast-seo-wordpress\/ -->\n<title>D\u0142ugie weekendy 2018 - Aplikuj.pl<\/title>\n<meta name=\"robots\" content=\"index, follow, max-snippet:-1, max-image-preview:large, max-video-preview:-1\" \/>\n<link rel=\"canonical\" href=\"https:\/\/www.aplikuj.pl\/cv\/dlugie-weekendy-2018\/\" \/>\n<meta property=\"og:locale\" content=\"pl_PL\" \/>\n<meta property=\"og:type\" content=\"article\" \/>\n<meta property=\"og:title\" content=\"D\u0142ugie weekendy 2018 - Aplikuj.pl\" \/>\n<meta property=\"og:description\" content=\"Jak zaplanowa\u0107 urlop w 2018 roku? Wybieraj\u0105c dogodny termin urlopu, najcz\u0119\u015bciej musimy kierowa\u0107 si\u0119 mo\u017cliwo\u015bci\u0105 skorzystania z d\u0142u\u017cszej przerwy w pracy, dyktowan\u0105 specyfik\u0105 bran\u017cy. Jako pracownik sezonowej gastronomii nie wybierzesz urlopu w miesi\u0105cach letnich, pracownicy budowlani r\u00f3wnie\u017c b\u0119d\u0105 musieli od\u0142o\u017cy\u0107 urlop na czas przestoju w pracy. Z kolei wykonuj\u0105c zaw\u00f3d nauczyciela, do dyspozycji masz okres [&hellip;]\" \/>\n<meta property=\"og:url\" content=\"https:\/\/www.aplikuj.pl\/cv\/dlugie-weekendy-2018\/\" \/>\n<meta property=\"og:site_name\" content=\"Aplikuj.pl\" \/>\n<meta property=\"article:published_time\" content=\"2018-01-03T13:57:27+00:00\" \/>\n<meta property=\"article:modified_time\" content=\"2026-02-22T22:22:10+00:00\" \/>\n<meta property=\"og:image\" content=\"https:\/\/www.aplikuj.pl\/cv\/wp-content\/uploads\/2018\/01\/dlugi-weekend-2018.jpg\" \/>\n\t<meta property=\"og:image:width\" content=\"1200\" \/>\n\t<meta property=\"og:image:height\" content=\"800\" \/>\n\t<meta property=\"og:image:type\" content=\"image\/jpeg\" \/>\n<meta name=\"author\" content=\"Kreator CV\" \/>\n<meta name=\"twitter:card\" content=\"summary_large_image\" \/>\n<meta name=\"twitter:label1\" content=\"Napisane przez\" \/>\n\t<meta name=\"twitter:data1\" content=\"Kreator CV\" \/>\n\t<meta name=\"twitter:label2\" content=\"Szacowany czas czytania\" \/>\n\t<meta name=\"twitter:data2\" content=\"3 minuty\" \/>\n<script type=\"application\/ld+json\" class=\"yoast-schema-graph\">{\"@context\":\"https:\/\/schema.org\",\"@graph\":[{\"@type\":\"Article\",\"@id\":\"https:\/\/www.aplikuj.pl\/cv\/dlugie-weekendy-2018\/#article\",\"isPartOf\":{\"@id\":\"https:\/\/www.aplikuj.pl\/cv\/dlugie-weekendy-2018\/\"},\"author\":{\"name\":\"Kreator CV\",\"@id\":\"https:\/\/www.aplikuj.pl\/cv\/#\/schema\/person\/71562a8b20812db8495d08fc4e653df7\"},\"headline\":\"D\u0142ugie weekendy 2018\",\"datePublished\":\"2018-01-03T13:57:27+00:00\",\"dateModified\":\"2026-02-22T22:22:10+00:00\",\"mainEntityOfPage\":{\"@id\":\"https:\/\/www.aplikuj.pl\/cv\/dlugie-weekendy-2018\/\"},\"wordCount\":517,\"publisher\":{\"@id\":\"https:\/\/www.aplikuj.pl\/cv\/#organization\"},\"image\":{\"@id\":\"https:\/\/www.aplikuj.pl\/cv\/dlugie-weekendy-2018\/#primaryimage\"},\"thumbnailUrl\":\"https:\/\/www.aplikuj.pl\/cv\/wp-content\/uploads\/2018\/01\/dlugi-weekend-2018.jpg\",\"articleSection\":[\"Porady\"],\"inLanguage\":\"pl-PL\"},{\"@type\":\"WebPage\",\"@id\":\"https:\/\/www.aplikuj.pl\/cv\/dlugie-weekendy-2018\/\",\"url\":\"https:\/\/www.aplikuj.pl\/cv\/dlugie-weekendy-2018\/\",\"name\":\"D\u0142ugie weekendy 2018 - Aplikuj.pl\",\"isPartOf\":{\"@id\":\"https:\/\/www.aplikuj.pl\/cv\/#website\"},\"primaryImageOfPage\":{\"@id\":\"https:\/\/www.aplikuj.pl\/cv\/dlugie-weekendy-2018\/#primaryimage\"},\"image\":{\"@id\":\"https:\/\/www.aplikuj.pl\/cv\/dlugie-weekendy-2018\/#primaryimage\"},\"thumbnailUrl\":\"https:\/\/www.aplikuj.pl\/cv\/wp-content\/uploads\/2018\/01\/dlugi-weekend-2018.jpg\",\"datePublished\":\"2018-01-03T13:57:27+00:00\",\"dateModified\":\"2026-02-22T22:22:10+00:00\",\"breadcrumb\":{\"@id\":\"https:\/\/www.aplikuj.pl\/cv\/dlugie-weekendy-2018\/#breadcrumb\"},\"inLanguage\":\"pl-PL\",\"potentialAction\":[{\"@type\":\"ReadAction\",\"target\":[\"https:\/\/www.aplikuj.pl\/cv\/dlugie-weekendy-2018\/\"]}]},{\"@type\":\"ImageObject\",\"inLanguage\":\"pl-PL\",\"@id\":\"https:\/\/www.aplikuj.pl\/cv\/dlugie-weekendy-2018\/#primaryimage\",\"url\":\"https:\/\/www.aplikuj.pl\/cv\/wp-content\/uploads\/2018\/01\/dlugi-weekend-2018.jpg\",\"contentUrl\":\"https:\/\/www.aplikuj.pl\/cv\/wp-content\/uploads\/2018\/01\/dlugi-weekend-2018.jpg\",\"width\":1200,\"height\":800,\"caption\":\"D\u0142ugi weekend - maj\u00f3wka 2018\"},{\"@type\":\"BreadcrumbList\",\"@id\":\"https:\/\/www.aplikuj.pl\/cv\/dlugie-weekendy-2018\/#breadcrumb\",\"itemListElement\":[{\"@type\":\"ListItem\",\"position\":1,\"name\":\"Kreator CV\",\"item\":\"https:\/\/www.aplikuj.pl\/cv\/\"},{\"@type\":\"ListItem\",\"position\":2,\"name\":\"Porady\",\"item\":\"https:\/\/www.aplikuj.pl\/cv\/porady\/\"},{\"@type\":\"ListItem\",\"position\":3,\"name\":\"D\u0142ugie weekendy 2018\"}]},{\"@type\":\"WebSite\",\"@id\":\"https:\/\/www.aplikuj.pl\/cv\/#website\",\"url\":\"https:\/\/www.aplikuj.pl\/cv\/\",\"name\":\"Aplikuj.pl\",\"description\":\"Profesjonalne i darmowe wzory CV, list\u00f3w motywacyjnych i poda\u0144 o prac\u0119\",\"publisher\":{\"@id\":\"https:\/\/www.aplikuj.pl\/cv\/#organization\"},\"potentialAction\":[{\"@type\":\"SearchAction\",\"target\":{\"@type\":\"EntryPoint\",\"urlTemplate\":\"https:\/\/www.aplikuj.pl\/cv\/?s={search_term_string}\"},\"query-input\":{\"@type\":\"PropertyValueSpecification\",\"valueRequired\":true,\"valueName\":\"search_term_string\"}}],\"inLanguage\":\"pl-PL\"},{\"@type\":\"Organization\",\"@id\":\"https:\/\/www.aplikuj.pl\/cv\/#organization\",\"name\":\"Aplikuj.pl\",\"url\":\"https:\/\/www.aplikuj.pl\/cv\/\",\"logo\":{\"@type\":\"ImageObject\",\"inLanguage\":\"pl-PL\",\"@id\":\"https:\/\/www.aplikuj.pl\/cv\/#\/schema\/logo\/image\/\",\"url\":\"https:\/\/www.aplikuj.pl\/cv\/wp-content\/uploads\/2019\/04\/cv-wzory-aplikuj.jpg\",\"contentUrl\":\"https:\/\/www.aplikuj.pl\/cv\/wp-content\/uploads\/2019\/04\/cv-wzory-aplikuj.jpg\",\"width\":180,\"height\":180,\"caption\":\"Aplikuj.pl\"},\"image\":{\"@id\":\"https:\/\/www.aplikuj.pl\/cv\/#\/schema\/logo\/image\/\"}},{\"@type\":\"Person\",\"@id\":\"https:\/\/www.aplikuj.pl\/cv\/#\/schema\/person\/71562a8b20812db8495d08fc4e653df7\",\"name\":\"Kreator CV\",\"image\":{\"@type\":\"ImageObject\",\"inLanguage\":\"pl-PL\",\"@id\":\"https:\/\/www.aplikuj.pl\/cv\/#\/schema\/person\/image\/\",\"url\":\"https:\/\/secure.gravatar.com\/avatar\/576bf7afedb00239146ed63cf25951c1e418a6fa94e0bb44a3236580edbb3213?s=96&d=mm&r=g\",\"contentUrl\":\"https:\/\/secure.gravatar.com\/avatar\/576bf7afedb00239146ed63cf25951c1e418a6fa94e0bb44a3236580edbb3213?s=96&d=mm&r=g\",\"caption\":\"Kreator CV\"},\"description\":\"Opis autora\",\"sameAs\":[\"https:\/\/aplikuj.pl\"]}]}<\/script>\n<!-- \/ Yoast SEO plugin. -->","yoast_head_json":{"title":"D\u0142ugie weekendy 2018 - Aplikuj.pl","robots":{"index":"index","follow":"follow","max-snippet":"max-snippet:-1","max-image-preview":"max-image-preview:large","max-video-preview":"max-video-preview:-1"},"canonical":"https:\/\/www.aplikuj.pl\/cv\/dlugie-weekendy-2018\/","og_locale":"pl_PL","og_type":"article","og_title":"D\u0142ugie weekendy 2018 - Aplikuj.pl","og_description":"Jak zaplanowa\u0107 urlop w 2018 roku? Wybieraj\u0105c dogodny termin urlopu, najcz\u0119\u015bciej musimy kierowa\u0107 si\u0119 mo\u017cliwo\u015bci\u0105 skorzystania z d\u0142u\u017cszej przerwy w pracy, dyktowan\u0105 specyfik\u0105 bran\u017cy. Jako pracownik sezonowej gastronomii nie wybierzesz urlopu w miesi\u0105cach letnich, pracownicy budowlani r\u00f3wnie\u017c b\u0119d\u0105 musieli od\u0142o\u017cy\u0107 urlop na czas przestoju w pracy. Z kolei wykonuj\u0105c zaw\u00f3d nauczyciela, do dyspozycji masz okres [&hellip;]","og_url":"https:\/\/www.aplikuj.pl\/cv\/dlugie-weekendy-2018\/","og_site_name":"Aplikuj.pl","article_published_time":"2018-01-03T13:57:27+00:00","article_modified_time":"2026-02-22T22:22:10+00:00","og_image":[{"width":1200,"height":800,"url":"https:\/\/www.aplikuj.pl\/cv\/wp-content\/uploads\/2018\/01\/dlugi-weekend-2018.jpg","type":"image\/jpeg"}],"author":"Kreator CV","twitter_card":"summary_large_image","twitter_misc":{"Napisane przez":"Kreator CV","Szacowany czas czytania":"3 minuty"},"schema":{"@context":"https:\/\/schema.org","@graph":[{"@type":"Article","@id":"https:\/\/www.aplikuj.pl\/cv\/dlugie-weekendy-2018\/#article","isPartOf":{"@id":"https:\/\/www.aplikuj.pl\/cv\/dlugie-weekendy-2018\/"},"author":{"name":"Kreator CV","@id":"https:\/\/www.aplikuj.pl\/cv\/#\/schema\/person\/71562a8b20812db8495d08fc4e653df7"},"headline":"D\u0142ugie weekendy 2018","datePublished":"2018-01-03T13:57:27+00:00","dateModified":"2026-02-22T22:22:10+00:00","mainEntityOfPage":{"@id":"https:\/\/www.aplikuj.pl\/cv\/dlugie-weekendy-2018\/"},"wordCount":517,"publisher":{"@id":"https:\/\/www.aplikuj.pl\/cv\/#organization"},"image":{"@id":"https:\/\/www.aplikuj.pl\/cv\/dlugie-weekendy-2018\/#primaryimage"},"thumbnailUrl":"https:\/\/www.aplikuj.pl\/cv\/wp-content\/uploads\/2018\/01\/dlugi-weekend-2018.jpg","articleSection":["Porady"],"inLanguage":"pl-PL"},{"@type":"WebPage","@id":"https:\/\/www.aplikuj.pl\/cv\/dlugie-weekendy-2018\/","url":"https:\/\/www.aplikuj.pl\/cv\/dlugie-weekendy-2018\/","name":"D\u0142ugie weekendy 2018 - Aplikuj.pl","isPartOf":{"@id":"https:\/\/www.aplikuj.pl\/cv\/#website"},"primaryImageOfPage":{"@id":"https:\/\/www.aplikuj.pl\/cv\/dlugie-weekendy-2018\/#primaryimage"},"image":{"@id":"https:\/\/www.aplikuj.pl\/cv\/dlugie-weekendy-2018\/#primaryimage"},"thumbnailUrl":"https:\/\/www.aplikuj.pl\/cv\/wp-content\/uploads\/2018\/01\/dlugi-weekend-2018.jpg","datePublished":"2018-01-03T13:57:27+00:00","dateModified":"2026-02-22T22:22:10+00:00","breadcrumb":{"@id":"https:\/\/www.aplikuj.pl\/cv\/dlugie-weekendy-2018\/#breadcrumb"},"inLanguage":"pl-PL","potentialAction":[{"@type":"ReadAction","target":["https:\/\/www.aplikuj.pl\/cv\/dlugie-weekendy-2018\/"]}]},{"@type":"ImageObject","inLanguage":"pl-PL","@id":"https:\/\/www.aplikuj.pl\/cv\/dlugie-weekendy-2018\/#primaryimage","url":"https:\/\/www.aplikuj.pl\/cv\/wp-content\/uploads\/2018\/01\/dlugi-weekend-2018.jpg","contentUrl":"https:\/\/www.aplikuj.pl\/cv\/wp-content\/uploads\/2018\/01\/dlugi-weekend-2018.jpg","width":1200,"height":800,"caption":"D\u0142ugi weekend - maj\u00f3wka 2018"},{"@type":"BreadcrumbList","@id":"https:\/\/www.aplikuj.pl\/cv\/dlugie-weekendy-2018\/#breadcrumb","itemListElement":[{"@type":"ListItem","position":1,"name":"Kreator CV","item":"https:\/\/www.aplikuj.pl\/cv\/"},{"@type":"ListItem","position":2,"name":"Porady","item":"https:\/\/www.aplikuj.pl\/cv\/porady\/"},{"@type":"ListItem","position":3,"name":"D\u0142ugie weekendy 2018"}]},{"@type":"WebSite","@id":"https:\/\/www.aplikuj.pl\/cv\/#website","url":"https:\/\/www.aplikuj.pl\/cv\/","name":"Aplikuj.pl","description":"Profesjonalne i darmowe wzory CV, list\u00f3w motywacyjnych i poda\u0144 o prac\u0119","publisher":{"@id":"https:\/\/www.aplikuj.pl\/cv\/#organization"},"potentialAction":[{"@type":"SearchAction","target":{"@type":"EntryPoint","urlTemplate":"https:\/\/www.aplikuj.pl\/cv\/?s={search_term_string}"},"query-input":{"@type":"PropertyValueSpecification","valueRequired":true,"valueName":"search_term_string"}}],"inLanguage":"pl-PL"},{"@type":"Organization","@id":"https:\/\/www.aplikuj.pl\/cv\/#organization","name":"Aplikuj.pl","url":"https:\/\/www.aplikuj.pl\/cv\/","logo":{"@type":"ImageObject","inLanguage":"pl-PL","@id":"https:\/\/www.aplikuj.pl\/cv\/#\/schema\/logo\/image\/","url":"https:\/\/www.aplikuj.pl\/cv\/wp-content\/uploads\/2019\/04\/cv-wzory-aplikuj.jpg","contentUrl":"https:\/\/www.aplikuj.pl\/cv\/wp-content\/uploads\/2019\/04\/cv-wzory-aplikuj.jpg","width":180,"height":180,"caption":"Aplikuj.pl"},"image":{"@id":"https:\/\/www.aplikuj.pl\/cv\/#\/schema\/logo\/image\/"}},{"@type":"Person","@id":"https:\/\/www.aplikuj.pl\/cv\/#\/schema\/person\/71562a8b20812db8495d08fc4e653df7","name":"Kreator CV","image":{"@type":"ImageObject","inLanguage":"pl-PL","@id":"https:\/\/www.aplikuj.pl\/cv\/#\/schema\/person\/image\/","url":"https:\/\/secure.gravatar.com\/avatar\/576bf7afedb00239146ed63cf25951c1e418a6fa94e0bb44a3236580edbb3213?s=96&d=mm&r=g","contentUrl":"https:\/\/secure.gravatar.com\/avatar\/576bf7afedb00239146ed63cf25951c1e418a6fa94e0bb44a3236580edbb3213?s=96&d=mm&r=g","caption":"Kreator CV"},"description":"Opis autora","sameAs":["https:\/\/aplikuj.pl"]}]}},"_links":{"self":[{"href":"https:\/\/www.aplikuj.pl\/cv\/wp-json\/wp\/v2\/posts\/2692","targetHints":{"allow":["GET"]}}],"collection":[{"href":"https:\/\/www.aplikuj.pl\/cv\/wp-json\/wp\/v2\/posts"}],"about":[{"href":"https:\/\/www.aplikuj.pl\/cv\/wp-json\/wp\/v2\/types\/post"}],"author":[{"embeddable":true,"href":"https:\/\/www.aplikuj.pl\/cv\/wp-json\/wp\/v2\/users\/1"}],"replies":[{"embeddable":true,"href":"https:\/\/www.aplikuj.pl\/cv\/wp-json\/wp\/v2\/comments?post=2692"}],"version-history":[{"count":2,"href":"https:\/\/www.aplikuj.pl\/cv\/wp-json\/wp\/v2\/posts\/2692\/revisions"}],"predecessor-version":[{"id":3101,"href":"https:\/\/www.aplikuj.pl\/cv\/wp-json\/wp\/v2\/posts\/2692\/revisions\/3101"}],"wp:featuredmedia":[{"embeddable":true,"href":"https:\/\/www.aplikuj.pl\/cv\/wp-json\/wp\/v2\/media\/3102"}],"wp:attachment":[{"href":"https:\/\/www.aplikuj.pl\/cv\/wp-json\/wp\/v2\/media?parent=2692"}],"wp:term":[{"taxonomy":"category","embeddable":true,"href":"https:\/\/www.aplikuj.pl\/cv\/wp-json\/wp\/v2\/categories?post=2692"},{"taxonomy":"post_tag","embeddable":true,"href":"https:\/\/www.aplikuj.pl\/cv\/wp-json\/wp\/v2\/tags?post=2692"}],"curies":[{"name":"wp","href":"https:\/\/api.w.org\/{rel}","templated":true}]}}